{"id":4580,"date":"2023-04-18T10:30:37","date_gmt":"2023-04-18T10:30:37","guid":{"rendered":"https:\/\/asdieta.com\/?p=4580"},"modified":"2023-04-18T10:30:38","modified_gmt":"2023-04-18T10:30:38","slug":"kosmetyczka-kluczowy-zawod-w-branzy-urody-i-dbania-o-siebie","status":"publish","type":"post","link":"https:\/\/asdieta.com\/sv\/kosmetolog-key-yrke-i-skonhet-och-vard-av-sjalv\/","title":{"rendered":"Kosmetiker - Ett nyckelyrke inom sk\u00f6nhets- och v\u00e5rdbranschen"},"content":{"rendered":"<p>Inledning:<\/p>\n\n\n\n<p>En kosmetolog \u00e4r en kvalificerad yrkesut\u00f6vare vars huvudsyfte \u00e4r att f\u00f6rb\u00e4ttra och bevara hudens h\u00e4lsa och estetik i ansiktet och p\u00e5 kroppen. I dagens v\u00e4rld, d\u00e4r sk\u00f6nhets- och utseendev\u00e5rd f\u00e5r allt st\u00f6rre betydelse, blir kosmetologens roll allt viktigare. I den h\u00e4r artikeln tittar vi n\u00e4rmare p\u00e5 kosmetologens yrke, deras arbetsuppgifter, utbildningskrav och trender inom sk\u00f6nhetsbranschen.<\/p>\n\n\n\n<p>Sk\u00f6nhetskonsultens uppgifter:<\/p>\n\n\n\n<p>Kosmetiker utf\u00f6r ett brett utbud av tj\u00e4nster f\u00f6r att f\u00f6rb\u00e4ttra utseendet och konditionen p\u00e5 huden i ansiktet och p\u00e5 kroppen, till exempel:<\/p>\n\n\n\n<ol class=\"wp-block-list\"><li>Reng\u00f6ring av ansiktet: Avl\u00e4gsnar orenheter, smink och d\u00f6d hud f\u00f6r att l\u00e4mna huden fr\u00e4sch och v\u00e4lm\u00e5ende.<\/li><li>Kemisk peeling: Anv\u00e4ndning av r\u00e4tt syror f\u00f6r att exfoliera d\u00f6d hud, minska hyperpigmentering, rynkor eller akne.<\/li><li>Ansikts- och kroppsmassage: Massage f\u00f6r att f\u00f6rb\u00e4ttra cirkulationen, g\u00f6ra huden smidigare och slappna av.<\/li><li>Depilering: Avl\u00e4gsnande av o\u00f6nskat h\u00e5r med hj\u00e4lp av olika tekniker som vaxning, laserh\u00e5rborttagning eller elektrolys.<\/li><li>Smink: Professionell smink f\u00f6r olika tillf\u00e4llen, t.ex. br\u00f6llop, fotografering och evenemang.<\/li><li>Manikyr och pedikyr: Manikyr: Hand- och fotv\u00e5rd som best\u00e5r av nagelformning och lackering samt hudv\u00e5rd av h\u00e4nder och f\u00f6tter.<\/li><li>Utbildning och r\u00e5dgivning: R\u00e5dgivning om hudv\u00e5rd, val av r\u00e4tt kosmetika och kosmetikautbildning.<\/li><\/ol>\n\n\n\n<div class=\"wp-block-image\"><figure class=\"aligncenter size-full is-resized\"><img loading=\"lazy\" decoding=\"async\" src=\"https:\/\/asdieta.com\/wp-content\/uploads\/2023\/04\/cosmetics-g9d4ec1005_640.jpg\" alt=\"\" class=\"wp-image-4581\" width=\"373\" height=\"249\" srcset=\"https:\/\/asdieta.com\/wp-content\/uploads\/2023\/04\/cosmetics-g9d4ec1005_640.jpg 640w, https:\/\/asdieta.com\/wp-content\/uploads\/2023\/04\/cosmetics-g9d4ec1005_640-300x200.jpg 300w, https:\/\/asdieta.com\/wp-content\/uploads\/2023\/04\/cosmetics-g9d4ec1005_640-18x12.jpg 18w, https:\/\/asdieta.com\/wp-content\/uploads\/2023\/04\/cosmetics-g9d4ec1005_640-110x73.jpg 110w, https:\/\/asdieta.com\/wp-content\/uploads\/2023\/04\/cosmetics-g9d4ec1005_640-420x280.jpg 420w\" sizes=\"auto, (max-width: 373px) 100vw, 373px\" \/><\/figure><\/div>\n\n\n\n<p>Utbildningskrav:<\/p>\n\n\n\n<p>F\u00f6r att bli kosmetolog m\u00e5ste man genomg\u00e5 l\u00e4mplig utbildning och kvalifikationer. I Polen m\u00e5ste en blivande kosmetolog g\u00e5 en eftergymnasial skola eller en kosmetologikurs. Det \u00e4r ocks\u00e5 viktigt att skaffa sig arbetslivserfarenhet, t.ex. genom praktik eller l\u00e4rlingsutbildning. En kosmetologlicens kr\u00e4vs i vissa l\u00e4nder, t.ex. i USA, d\u00e4r man m\u00e5ste avl\u00e4gga en statlig examen.<\/p>\n\n\n\n<p>Kolla in <a href=\"https:\/\/perlacity-klinika.pl\/\" target=\"_blank\">perlacity-klinika kosmetyczka szczecin<\/a><\/p>\n\n\n\n<p>Trender inom sk\u00f6nhetsbranschen:<\/p>\n\n\n\n<p>Sk\u00f6nhetsbranschen utvecklas st\u00e4ndigt, vilket g\u00f6r det viktigt f\u00f6r kosmetologer att h\u00e5lla sig uppdaterade om de senaste trenderna och tekniken. H\u00e4r \u00e4r n\u00e5gra av dem:<\/p>\n\n\n\n<ol class=\"wp-block-list\"><li>Ekologisk kosmetologi: Det \u00f6kade intresset f\u00f6r ekologiska och naturliga produkter leder till en st\u00f6rre betoning p\u00e5 anv\u00e4ndningen av v\u00e4xtbaserad kosmetika och h\u00e5llbara metoder i sk\u00f6nhetssalonger.<\/li><li>Teknik inom kosmetologin: modern teknik som mikrodermabrasion, ultraljud och n\u00e5lfri mesoterapi blir allt popul\u00e4rare som metoder f\u00f6r att f\u00f6rb\u00e4ttra hudens tillst\u00e5nd.<\/li><li>Personalisering: Att individualisera kunden, skr\u00e4ddarsy behandlingar f\u00f6r specifika behov och analysera huden med hj\u00e4lp av modern utrustning \u00e4r allt vanligare metoder i sk\u00f6nhetssalonger.<\/li><li>Holistisk v\u00e5rd: Det v\u00e4xande intresset f\u00f6r en h\u00e4lsosam livsstil leder till ett holistiskt syns\u00e4tt inom kosmetologin. Sk\u00f6nhetsspecialister uppm\u00e4rksammar i allt h\u00f6gre grad hur kost, levnadsvanor och k\u00e4nslom\u00e4ssiga f\u00f6rh\u00e5llanden p\u00e5verkar kundernas hudtillst\u00e5nd.<\/li><\/ol>\n\n\n\n<div class=\"wp-block-image\"><figure class=\"aligncenter size-full is-resized\"><img loading=\"lazy\" decoding=\"async\" src=\"https:\/\/asdieta.com\/wp-content\/uploads\/2023\/04\/spa-g33c552c8f_640.jpg\" alt=\"\" class=\"wp-image-4583\" width=\"384\" height=\"256\" srcset=\"https:\/\/asdieta.com\/wp-content\/uploads\/2023\/04\/spa-g33c552c8f_640.jpg 640w, https:\/\/asdieta.com\/wp-content\/uploads\/2023\/04\/spa-g33c552c8f_640-300x200.jpg 300w, https:\/\/asdieta.com\/wp-content\/uploads\/2023\/04\/spa-g33c552c8f_640-18x12.jpg 18w, https:\/\/asdieta.com\/wp-content\/uploads\/2023\/04\/spa-g33c552c8f_640-110x73.jpg 110w, https:\/\/asdieta.com\/wp-content\/uploads\/2023\/04\/spa-g33c552c8f_640-420x280.jpg 420w\" sizes=\"auto, (max-width: 384px) 100vw, 384px\" \/><\/figure><\/div>\n\n\n\n<p>Sk\u00f6nhetskonsultens roll f\u00f6r att f\u00f6rb\u00e4ttra livskvaliteten:<\/p>\n\n\n\n<p>Sk\u00f6nhetskonsulterna spelar en viktig roll f\u00f6r att f\u00f6rb\u00e4ttra livskvaliteten hos sina kunder, eftersom deras tj\u00e4nster p\u00e5verkar sj\u00e4lvk\u00e4nslan, sj\u00e4lvf\u00f6rtroendet och det allm\u00e4nna v\u00e4lbefinnandet. R\u00e4tt hudv\u00e5rd kan bidra till att f\u00f6rebygga f\u00f6r tidigt \u00e5ldrande, uppr\u00e4tth\u00e5lla hudens h\u00e4lsa och f\u00f6rb\u00e4ttra utseendet, vilket p\u00e5verkar sj\u00e4lvuppfattningen och b\u00e4ttre relationer med andra.<\/p>\n\n\n\n<div class=\"wp-block-image\"><figure class=\"aligncenter size-full is-resized\"><img loading=\"lazy\" decoding=\"async\" src=\"https:\/\/asdieta.com\/wp-content\/uploads\/2023\/04\/cosmetics-gdda8f3bf7_640.jpg\" alt=\"\" class=\"wp-image-4582\" width=\"349\" height=\"233\" srcset=\"https:\/\/asdieta.com\/wp-content\/uploads\/2023\/04\/cosmetics-gdda8f3bf7_640.jpg 640w, https:\/\/asdieta.com\/wp-content\/uploads\/2023\/04\/cosmetics-gdda8f3bf7_640-300x200.jpg 300w, https:\/\/asdieta.com\/wp-content\/uploads\/2023\/04\/cosmetics-gdda8f3bf7_640-18x12.jpg 18w, https:\/\/asdieta.com\/wp-content\/uploads\/2023\/04\/cosmetics-gdda8f3bf7_640-110x73.jpg 110w, https:\/\/asdieta.com\/wp-content\/uploads\/2023\/04\/cosmetics-gdda8f3bf7_640-420x280.jpg 420w\" sizes=\"auto, (max-width: 349px) 100vw, 349px\" \/><\/figure><\/div>\n\n\n\n<p>Sammanfattning:<\/p>\n\n\n\n<p>En kosmetolog \u00e4r ett nyckelyrke inom sk\u00f6nhetsbranschen som omfattar ett brett utbud av tj\u00e4nster f\u00f6r att f\u00f6rb\u00e4ttra och bibeh\u00e5lla h\u00e4lsan och estetiken hos huden i ansiktet och p\u00e5 kroppen. F\u00f6r att bli kosmetolog kr\u00e4vs l\u00e4mplig utbildning och erfarenhet. I dagens v\u00e4rld, d\u00e4r sk\u00f6nhet och utseendev\u00e5rd f\u00e5r allt st\u00f6rre betydelse, blir kosmetologens roll allt viktigare. Yrket kr\u00e4ver kontinuerlig utbildning och att man h\u00e5ller sig uppdaterad om trender f\u00f6r att kunna uppfylla kundernas f\u00f6rv\u00e4ntningar och anv\u00e4nda modern teknik och metoder i arbetet.<\/p>","protected":false},"excerpt":{"rendered":"<p>Wst\u0119p: Kosmetyczka to wykwalifikowany specjalista, kt\u00f3rego g\u0142\u00f3wnym celem jest poprawa i utrzymanie zdrowia oraz estetyki sk\u00f3ry twarzy i cia\u0142a. W dzisiejszym \u015bwiecie, w kt\u00f3rym dbanie o urod\u0119 i wygl\u0105d zewn\u0119trzny zyskuje na znaczeniu, rola kosmetyczki staje si\u0119 coraz bardziej istotna. W tym artykule przyjrzymy si\u0119 bli\u017cej zawodowi kosmetyczki, jej obowi\u0105zkom, wymaganiom edukacyjnym oraz trendom w [&hellip;]<\/p>\n","protected":false},"author":1,"featured_media":4584,"comment_status":"open","ping_status":"open","sticky":false,"template":"","format":"standard","meta":{"rating_form_position":"","rating_results_position":"","mr_structured_data_type":"","footnotes":""},"categories":[10],"tags":[],"class_list":["post-4580","post","type-post","status-publish","format-standard","has-post-thumbnail","hentry","category-health"],"yoast_head":"<!-- This site is optimized with the Yoast SEO plugin v27.2 - https:\/\/yoast.com\/product\/yoast-seo-wordpress\/ -->\n<title>Kosmetyczka - Kluczowy zaw\u00f3d w bran\u017cy urody i dbania o siebie - As Dieta<\/title>\n<meta name=\"robots\" content=\"index, follow, max-snippet:-1, max-image-preview:large, max-video-preview:-1\" \/>\n<link rel=\"canonical\" href=\"https:\/\/asdieta.com\/sv\/estetista-chiave-occupazione-nella-bellezza-e-cura-di-se\/\" \/>\n<meta property=\"og:locale\" content=\"sv_SE\" \/>\n<meta property=\"og:type\" content=\"article\" \/>\n<meta property=\"og:title\" content=\"Kosmetyczka - Kluczowy zaw\u00f3d w bran\u017cy urody i dbania o siebie - As Dieta\" \/>\n<meta property=\"og:description\" content=\"Wst\u0119p: Kosmetyczka to wykwalifikowany specjalista, kt\u00f3rego g\u0142\u00f3wnym celem jest poprawa i utrzymanie zdrowia oraz estetyki sk\u00f3ry twarzy i cia\u0142a. W dzisiejszym \u015bwiecie, w kt\u00f3rym dbanie o urod\u0119 i wygl\u0105d zewn\u0119trzny zyskuje na znaczeniu, rola kosmetyczki staje si\u0119 coraz bardziej istotna. W tym artykule przyjrzymy si\u0119 bli\u017cej zawodowi kosmetyczki, jej obowi\u0105zkom, wymaganiom edukacyjnym oraz trendom w [&hellip;]\" \/>\n<meta property=\"og:url\" content=\"https:\/\/asdieta.com\/sv\/estetista-chiave-occupazione-nella-bellezza-e-cura-di-se\/\" \/>\n<meta property=\"og:site_name\" content=\"As Dieta\" \/>\n<meta property=\"article:published_time\" content=\"2023-04-18T10:30:37+00:00\" \/>\n<meta property=\"article:modified_time\" content=\"2023-04-18T10:30:38+00:00\" \/>\n<meta property=\"og:image\" content=\"https:\/\/asdieta.com\/wp-content\/uploads\/2023\/04\/beautician-g59ee43c4b_640.jpg\" \/>\n\t<meta property=\"og:image:width\" content=\"640\" \/>\n\t<meta property=\"og:image:height\" content=\"427\" \/>\n\t<meta property=\"og:image:type\" content=\"image\/jpeg\" \/>\n<meta name=\"author\" content=\"Ania\" \/>\n<meta name=\"twitter:card\" content=\"summary_large_image\" \/>\n<meta name=\"twitter:label1\" content=\"Written by\" \/>\n\t<meta name=\"twitter:data1\" content=\"Ania\" \/>\n\t<meta name=\"twitter:label2\" content=\"Est. reading time\" \/>\n\t<meta name=\"twitter:data2\" content=\"3 minuter\" \/>\n<script type=\"application\/ld+json\" class=\"yoast-schema-graph\">{\"@context\":\"https:\/\/schema.org\",\"@graph\":[{\"@type\":\"Article\",\"@id\":\"https:\/\/asdieta.com\/it\/estetista-chiave-occupazione-nella-bellezza-e-cura-di-se\/#article\",\"isPartOf\":{\"@id\":\"https:\/\/asdieta.com\/it\/estetista-chiave-occupazione-nella-bellezza-e-cura-di-se\/\"},\"author\":{\"name\":\"Ania\",\"@id\":\"https:\/\/asdieta.com\/et\/#\/schema\/person\/9055320e1699dfc52e959a80e3b32edf\"},\"headline\":\"Kosmetyczka &#8211; Kluczowy zaw\u00f3d w bran\u017cy urody i dbania o siebie\",\"datePublished\":\"2023-04-18T10:30:37+00:00\",\"dateModified\":\"2023-04-18T10:30:38+00:00\",\"mainEntityOfPage\":{\"@id\":\"https:\/\/asdieta.com\/it\/estetista-chiave-occupazione-nella-bellezza-e-cura-di-se\/\"},\"wordCount\":631,\"commentCount\":0,\"publisher\":{\"@id\":\"https:\/\/asdieta.com\/et\/#organization\"},\"image\":{\"@id\":\"https:\/\/asdieta.com\/it\/estetista-chiave-occupazione-nella-bellezza-e-cura-di-se\/#primaryimage\"},\"thumbnailUrl\":\"https:\/\/asdieta.com\/wp-content\/uploads\/2023\/04\/beautician-g59ee43c4b_640.jpg\",\"articleSection\":[\"Zdrowie\"],\"inLanguage\":\"sv-SE\",\"potentialAction\":[{\"@type\":\"CommentAction\",\"name\":\"Comment\",\"target\":[\"https:\/\/asdieta.com\/it\/estetista-chiave-occupazione-nella-bellezza-e-cura-di-se\/#respond\"]}]},{\"@type\":\"WebPage\",\"@id\":\"https:\/\/asdieta.com\/it\/estetista-chiave-occupazione-nella-bellezza-e-cura-di-se\/\",\"url\":\"https:\/\/asdieta.com\/it\/estetista-chiave-occupazione-nella-bellezza-e-cura-di-se\/\",\"name\":\"Kosmetyczka - Kluczowy zaw\u00f3d w bran\u017cy urody i dbania o siebie - As Dieta\",\"isPartOf\":{\"@id\":\"https:\/\/asdieta.com\/et\/#website\"},\"primaryImageOfPage\":{\"@id\":\"https:\/\/asdieta.com\/it\/estetista-chiave-occupazione-nella-bellezza-e-cura-di-se\/#primaryimage\"},\"image\":{\"@id\":\"https:\/\/asdieta.com\/it\/estetista-chiave-occupazione-nella-bellezza-e-cura-di-se\/#primaryimage\"},\"thumbnailUrl\":\"https:\/\/asdieta.com\/wp-content\/uploads\/2023\/04\/beautician-g59ee43c4b_640.jpg\",\"datePublished\":\"2023-04-18T10:30:37+00:00\",\"dateModified\":\"2023-04-18T10:30:38+00:00\",\"breadcrumb\":{\"@id\":\"https:\/\/asdieta.com\/it\/estetista-chiave-occupazione-nella-bellezza-e-cura-di-se\/#breadcrumb\"},\"inLanguage\":\"sv-SE\",\"potentialAction\":[{\"@type\":\"ReadAction\",\"target\":[\"https:\/\/asdieta.com\/it\/estetista-chiave-occupazione-nella-bellezza-e-cura-di-se\/\"]}]},{\"@type\":\"ImageObject\",\"inLanguage\":\"sv-SE\",\"@id\":\"https:\/\/asdieta.com\/it\/estetista-chiave-occupazione-nella-bellezza-e-cura-di-se\/#primaryimage\",\"url\":\"https:\/\/asdieta.com\/wp-content\/uploads\/2023\/04\/beautician-g59ee43c4b_640.jpg\",\"contentUrl\":\"https:\/\/asdieta.com\/wp-content\/uploads\/2023\/04\/beautician-g59ee43c4b_640.jpg\",\"width\":640,\"height\":427},{\"@type\":\"BreadcrumbList\",\"@id\":\"https:\/\/asdieta.com\/it\/estetista-chiave-occupazione-nella-bellezza-e-cura-di-se\/#breadcrumb\",\"itemListElement\":[{\"@type\":\"ListItem\",\"position\":1,\"name\":\"Strona g\u0142\u00f3wna\",\"item\":\"https:\/\/asdieta.com\/et\/\"},{\"@type\":\"ListItem\",\"position\":2,\"name\":\"Kosmetyczka &#8211; Kluczowy zaw\u00f3d w bran\u017cy urody i dbania o siebie\"}]},{\"@type\":\"WebSite\",\"@id\":\"https:\/\/asdieta.com\/et\/#website\",\"url\":\"https:\/\/asdieta.com\/et\/\",\"name\":\"As Dieta\",\"description\":\"Blog o zdrowym trybie \u017cycia.\",\"publisher\":{\"@id\":\"https:\/\/asdieta.com\/et\/#organization\"},\"potentialAction\":[{\"@type\":\"SearchAction\",\"target\":{\"@type\":\"EntryPoint\",\"urlTemplate\":\"https:\/\/asdieta.com\/et\/?s={search_term_string}\"},\"query-input\":{\"@type\":\"PropertyValueSpecification\",\"valueRequired\":true,\"valueName\":\"search_term_string\"}}],\"inLanguage\":\"sv-SE\"},{\"@type\":\"Organization\",\"@id\":\"https:\/\/asdieta.com\/et\/#organization\",\"name\":\"As Dieta\",\"url\":\"https:\/\/asdieta.com\/et\/\",\"logo\":{\"@type\":\"ImageObject\",\"inLanguage\":\"sv-SE\",\"@id\":\"https:\/\/asdieta.com\/et\/#\/schema\/logo\/image\/\",\"url\":\"https:\/\/asdieta.com\/wp-content\/uploads\/2021\/11\/cropped-cover-1.png\",\"contentUrl\":\"https:\/\/asdieta.com\/wp-content\/uploads\/2021\/11\/cropped-cover-1.png\",\"width\":3500,\"height\":1167,\"caption\":\"As Dieta\"},\"image\":{\"@id\":\"https:\/\/asdieta.com\/et\/#\/schema\/logo\/image\/\"}},{\"@type\":\"Person\",\"@id\":\"https:\/\/asdieta.com\/et\/#\/schema\/person\/9055320e1699dfc52e959a80e3b32edf\",\"name\":\"Ania\",\"image\":{\"@type\":\"ImageObject\",\"inLanguage\":\"sv-SE\",\"@id\":\"https:\/\/asdieta.com\/wp-content\/uploads\/2019\/09\/jonnelle-yankovich-lBWOnjLl9h4-unsplash-110x110.jpg\",\"url\":\"https:\/\/asdieta.com\/wp-content\/uploads\/2019\/09\/jonnelle-yankovich-lBWOnjLl9h4-unsplash-110x110.jpg\",\"contentUrl\":\"https:\/\/asdieta.com\/wp-content\/uploads\/2019\/09\/jonnelle-yankovich-lBWOnjLl9h4-unsplash-110x110.jpg\",\"caption\":\"Ania\"},\"description\":\"Entuzjastka zdrowego trybu \u017cycia i skutecznego odchudzania :)\",\"url\":\"https:\/\/asdieta.com\/sv\/author\/admin\/\"}]}<\/script>\n<!-- \/ Yoast SEO plugin. -->","yoast_head_json":{"title":"Kosmetiker - Ett nyckelyrke inom sk\u00f6nhets- och v\u00e5rdbranschen - Ace Diet","robots":{"index":"index","follow":"follow","max-snippet":"max-snippet:-1","max-image-preview":"max-image-preview:large","max-video-preview":"max-video-preview:-1"},"canonical":"https:\/\/asdieta.com\/sv\/estetista-chiave-occupazione-nella-bellezza-e-cura-di-se\/","og_locale":"sv_SE","og_type":"article","og_title":"Kosmetyczka - Kluczowy zaw\u00f3d w bran\u017cy urody i dbania o siebie - As Dieta","og_description":"Wst\u0119p: Kosmetyczka to wykwalifikowany specjalista, kt\u00f3rego g\u0142\u00f3wnym celem jest poprawa i utrzymanie zdrowia oraz estetyki sk\u00f3ry twarzy i cia\u0142a. W dzisiejszym \u015bwiecie, w kt\u00f3rym dbanie o urod\u0119 i wygl\u0105d zewn\u0119trzny zyskuje na znaczeniu, rola kosmetyczki staje si\u0119 coraz bardziej istotna. W tym artykule przyjrzymy si\u0119 bli\u017cej zawodowi kosmetyczki, jej obowi\u0105zkom, wymaganiom edukacyjnym oraz trendom w [&hellip;]","og_url":"https:\/\/asdieta.com\/sv\/estetista-chiave-occupazione-nella-bellezza-e-cura-di-se\/","og_site_name":"As Dieta","article_published_time":"2023-04-18T10:30:37+00:00","article_modified_time":"2023-04-18T10:30:38+00:00","og_image":[{"width":640,"height":427,"url":"https:\/\/asdieta.com\/wp-content\/uploads\/2023\/04\/beautician-g59ee43c4b_640.jpg","type":"image\/jpeg"}],"author":"Ania","twitter_card":"summary_large_image","twitter_misc":{"Written by":"Ania","Est. reading time":"3 minuter"},"schema":{"@context":"https:\/\/schema.org","@graph":[{"@type":"Article","@id":"https:\/\/asdieta.com\/it\/estetista-chiave-occupazione-nella-bellezza-e-cura-di-se\/#article","isPartOf":{"@id":"https:\/\/asdieta.com\/it\/estetista-chiave-occupazione-nella-bellezza-e-cura-di-se\/"},"author":{"name":"Ania","@id":"https:\/\/asdieta.com\/et\/#\/schema\/person\/9055320e1699dfc52e959a80e3b32edf"},"headline":"Kosmetyczka &#8211; Kluczowy zaw\u00f3d w bran\u017cy urody i dbania o siebie","datePublished":"2023-04-18T10:30:37+00:00","dateModified":"2023-04-18T10:30:38+00:00","mainEntityOfPage":{"@id":"https:\/\/asdieta.com\/it\/estetista-chiave-occupazione-nella-bellezza-e-cura-di-se\/"},"wordCount":631,"commentCount":0,"publisher":{"@id":"https:\/\/asdieta.com\/et\/#organization"},"image":{"@id":"https:\/\/asdieta.com\/it\/estetista-chiave-occupazione-nella-bellezza-e-cura-di-se\/#primaryimage"},"thumbnailUrl":"https:\/\/asdieta.com\/wp-content\/uploads\/2023\/04\/beautician-g59ee43c4b_640.jpg","articleSection":["Zdrowie"],"inLanguage":"sv-SE","potentialAction":[{"@type":"CommentAction","name":"Comment","target":["https:\/\/asdieta.com\/it\/estetista-chiave-occupazione-nella-bellezza-e-cura-di-se\/#respond"]}]},{"@type":"WebPage","@id":"https:\/\/asdieta.com\/it\/estetista-chiave-occupazione-nella-bellezza-e-cura-di-se\/","url":"https:\/\/asdieta.com\/it\/estetista-chiave-occupazione-nella-bellezza-e-cura-di-se\/","name":"Kosmetiker - Ett nyckelyrke inom sk\u00f6nhets- och v\u00e5rdbranschen - Ace Diet","isPartOf":{"@id":"https:\/\/asdieta.com\/et\/#website"},"primaryImageOfPage":{"@id":"https:\/\/asdieta.com\/it\/estetista-chiave-occupazione-nella-bellezza-e-cura-di-se\/#primaryimage"},"image":{"@id":"https:\/\/asdieta.com\/it\/estetista-chiave-occupazione-nella-bellezza-e-cura-di-se\/#primaryimage"},"thumbnailUrl":"https:\/\/asdieta.com\/wp-content\/uploads\/2023\/04\/beautician-g59ee43c4b_640.jpg","datePublished":"2023-04-18T10:30:37+00:00","dateModified":"2023-04-18T10:30:38+00:00","breadcrumb":{"@id":"https:\/\/asdieta.com\/it\/estetista-chiave-occupazione-nella-bellezza-e-cura-di-se\/#breadcrumb"},"inLanguage":"sv-SE","potentialAction":[{"@type":"ReadAction","target":["https:\/\/asdieta.com\/it\/estetista-chiave-occupazione-nella-bellezza-e-cura-di-se\/"]}]},{"@type":"ImageObject","inLanguage":"sv-SE","@id":"https:\/\/asdieta.com\/it\/estetista-chiave-occupazione-nella-bellezza-e-cura-di-se\/#primaryimage","url":"https:\/\/asdieta.com\/wp-content\/uploads\/2023\/04\/beautician-g59ee43c4b_640.jpg","contentUrl":"https:\/\/asdieta.com\/wp-content\/uploads\/2023\/04\/beautician-g59ee43c4b_640.jpg","width":640,"height":427},{"@type":"BreadcrumbList","@id":"https:\/\/asdieta.com\/it\/estetista-chiave-occupazione-nella-bellezza-e-cura-di-se\/#breadcrumb","itemListElement":[{"@type":"ListItem","position":1,"name":"Strona g\u0142\u00f3wna","item":"https:\/\/asdieta.com\/et\/"},{"@type":"ListItem","position":2,"name":"Kosmetyczka &#8211; Kluczowy zaw\u00f3d w bran\u017cy urody i dbania o siebie"}]},{"@type":"WebSite","@id":"https:\/\/asdieta.com\/et\/#website","url":"https:\/\/asdieta.com\/et\/","name":"Som diet","description":"En blogg om h\u00e4lsosam livsstil.","publisher":{"@id":"https:\/\/asdieta.com\/et\/#organization"},"potentialAction":[{"@type":"SearchAction","target":{"@type":"EntryPoint","urlTemplate":"https:\/\/asdieta.com\/et\/?s={search_term_string}"},"query-input":{"@type":"PropertyValueSpecification","valueRequired":true,"valueName":"search_term_string"}}],"inLanguage":"sv-SE"},{"@type":"Organization","@id":"https:\/\/asdieta.com\/et\/#organization","name":"Som diet","url":"https:\/\/asdieta.com\/et\/","logo":{"@type":"ImageObject","inLanguage":"sv-SE","@id":"https:\/\/asdieta.com\/et\/#\/schema\/logo\/image\/","url":"https:\/\/asdieta.com\/wp-content\/uploads\/2021\/11\/cropped-cover-1.png","contentUrl":"https:\/\/asdieta.com\/wp-content\/uploads\/2021\/11\/cropped-cover-1.png","width":3500,"height":1167,"caption":"As Dieta"},"image":{"@id":"https:\/\/asdieta.com\/et\/#\/schema\/logo\/image\/"}},{"@type":"Person","@id":"https:\/\/asdieta.com\/et\/#\/schema\/person\/9055320e1699dfc52e959a80e3b32edf","name":"Ania","image":{"@type":"ImageObject","inLanguage":"sv-SE","@id":"https:\/\/asdieta.com\/wp-content\/uploads\/2019\/09\/jonnelle-yankovich-lBWOnjLl9h4-unsplash-110x110.jpg","url":"https:\/\/asdieta.com\/wp-content\/uploads\/2019\/09\/jonnelle-yankovich-lBWOnjLl9h4-unsplash-110x110.jpg","contentUrl":"https:\/\/asdieta.com\/wp-content\/uploads\/2019\/09\/jonnelle-yankovich-lBWOnjLl9h4-unsplash-110x110.jpg","caption":"Ania"},"description":"Enthusiast av h\u00e4lsosam livsstil och effektiv viktminskning :)","url":"https:\/\/asdieta.com\/sv\/author\/admin\/"}]}},"multi-rating":{"mr_rating_results":[{"adjusted_star_result":5,"star_result":5,"total_max_option_value":5,"adjusted_score_result":5,"score_result":5,"percentage_result":100,"adjusted_percentage_result":100,"count":1,"post_id":4580}]},"_links":{"self":[{"href":"https:\/\/asdieta.com\/sv\/wp-json\/wp\/v2\/posts\/4580","targetHints":{"allow":["GET"]}}],"collection":[{"href":"https:\/\/asdieta.com\/sv\/wp-json\/wp\/v2\/posts"}],"about":[{"href":"https:\/\/asdieta.com\/sv\/wp-json\/wp\/v2\/types\/post"}],"author":[{"embeddable":true,"href":"https:\/\/asdieta.com\/sv\/wp-json\/wp\/v2\/users\/1"}],"replies":[{"embeddable":true,"href":"https:\/\/asdieta.com\/sv\/wp-json\/wp\/v2\/comments?post=4580"}],"version-history":[{"count":1,"href":"https:\/\/asdieta.com\/sv\/wp-json\/wp\/v2\/posts\/4580\/revisions"}],"predecessor-version":[{"id":4585,"href":"https:\/\/asdieta.com\/sv\/wp-json\/wp\/v2\/posts\/4580\/revisions\/4585"}],"wp:featuredmedia":[{"embeddable":true,"href":"https:\/\/asdieta.com\/sv\/wp-json\/wp\/v2\/media\/4584"}],"wp:attachment":[{"href":"https:\/\/asdieta.com\/sv\/wp-json\/wp\/v2\/media?parent=4580"}],"wp:term":[{"taxonomy":"category","embeddable":true,"href":"https:\/\/asdieta.com\/sv\/wp-json\/wp\/v2\/categories?post=4580"},{"taxonomy":"post_tag","embeddable":true,"href":"https:\/\/asdieta.com\/sv\/wp-json\/wp\/v2\/tags?post=4580"}],"curies":[{"name":"wp","href":"https:\/\/api.w.org\/{rel}","templated":true}]}}