{"id":498,"date":"2022-06-18T13:51:00","date_gmt":"2022-06-18T13:51:00","guid":{"rendered":"https:\/\/asdieta.pl\/?p=498"},"modified":"2022-06-21T15:02:19","modified_gmt":"2022-06-21T15:02:19","slug":"melatolin-plus-pogromca-bezsennosci","status":"publish","type":"post","link":"https:\/\/asdieta.com\/hu\/melatolin-plus-slayer-insomniac\/","title":{"rendered":"Melatolin Plus - az \u00e1lmatlans\u00e1g legy\u0151z\u0151je?"},"content":{"rendered":"<p>Ma egy nagyon fontos t\u00e9m\u00e1val fordulok \u00d6n\u00f6kh\u00f6z, mind sz\u00e1momra, mind pedig mindannyiunk sz\u00e1m\u00e1ra. <\/p>\n\n\n\n<p>Az eg\u00e9szs\u00e9ges alv\u00e1s a bar\u00e1tunk (\u00e9s val\u00f3j\u00e1ban annak is kellene lennie) eg\u00e9sz \u00e9let\u00fcnkben. Sajnos a mindennapi \u00e9let gyors temp\u00f3ja gyakran megakad\u00e1lyozza, hogy megfelel\u0151 sz\u00e1m\u00fa alv\u00e1s\u00f3r\u00e1t kapjunk. A test\u00fcnk ilyen m\u00f3don t\u00f6rt\u00e9n\u0151 m\u0171k\u00f6d\u00e9se nagyon komoly probl\u00e9m\u00e1kat okozhat nemcsak az idegrendszer\u00fcnkkel, hanem sz\u00e1mos m\u00e1s t\u00e9nyez\u0151vel is, amelyek a nap folyam\u00e1n b\u00e1rmilyen tev\u00e9kenys\u00e9g nem hat\u00e9kony elv\u00e9gz\u00e9s\u00e9t eredm\u00e9nyezik.  <\/p>\n\n\n\n<p class=\"has-text-align-center\"><strong>Javasoljuk <a target=\"_blank\" rel=\"nofollow\" href=\"https:\/\/asdieta.com\/hu\/goto\/https:\/\/nplink.net\/mspn5izc\/\">Snoran Plus<\/a><\/strong> a j\u00f3 \u00e9jszakai alv\u00e1shoz!<\/p>\n\n\n\n<div class=\"wp-block-image\"><figure class=\"aligncenter is-resized\"><a target=\"_blank\" rel=\"nofollow\" href=\"https:\/\/asdieta.com\/hu\/goto\/https:\/\/nplink.net\/mspn5izc\/\"><img loading=\"lazy\" decoding=\"async\" src=\"https:\/\/asdieta.pl\/wp-content\/uploads\/2019\/07\/am7-e1563196300358-683x1024.jpg\" alt=\"Snoranem Plus\" class=\"wp-image-352\" width=\"229\" height=\"343\" srcset=\"https:\/\/asdieta.com\/wp-content\/uploads\/2019\/07\/am7-e1563196300358-683x1024.jpg 683w, https:\/\/asdieta.com\/wp-content\/uploads\/2019\/07\/am7-e1563196300358-200x300.jpg 200w, https:\/\/asdieta.com\/wp-content\/uploads\/2019\/07\/am7-e1563196300358-768x1152.jpg 768w, https:\/\/asdieta.com\/wp-content\/uploads\/2019\/07\/am7-e1563196300358-73x110.jpg 73w, https:\/\/asdieta.com\/wp-content\/uploads\/2019\/07\/am7-e1563196300358-280x420.jpg 280w, https:\/\/asdieta.com\/wp-content\/uploads\/2019\/07\/am7-e1563196300358-287x430.jpg 287w, https:\/\/asdieta.com\/wp-content\/uploads\/2019\/07\/am7-e1563196300358.jpg 1728w\" sizes=\"auto, (max-width: 229px) 100vw, 229px\" \/><\/a><\/figure><\/div>\n\n\n\n<p>Nagyon j\u00f3l tudom, milyen az, amikor az ember egyszerre tanul \u00e9s dolgozik, \u00e9s gyakran k\u00e9s\u0151 \u00e9jszak\u00e1ig fennmarad (k\u00fcl\u00f6n\u00f6sen a v\u00e1ltott m\u0171szakban v\u00e9gzett munka eset\u00e9n). R\u00e9gebben h\u00e1romnegyed \u00f3r\u00e1t aludtam egyhuzamban, amit \u00fcgyesen beiktattam az \u00e9letembe, eleinte \u00f6ntudatlanul, de azt\u00e1n nehezen tudtam kil\u00e9pni ebb\u0151l a nagy, t\u00e1ntorg\u00f3 k\u00f6rforg\u00e1sb\u00f3l. N\u00e9ha, amikor megengedhettem magamnak, hogy sok\u00e1ig aludjak, az alv\u00e1som min\u0151s\u00e9ge nem volt megfelel\u0151. Mi\u00e9rt?<\/p>\n\n\n\n<p>Ha a legt\u00f6bb nap az \u00e9jszaka k\u00f6zep\u00e9n fekszel le, \u00e9s kor\u00e1n kelsz fel reggel, \u00e9s hirtelen lehet\u0151s\u00e9ged ny\u00edlik arra, hogy tov\u00e1bb aludj, a tested m\u00e9gis hozz\u00e1szokott ahhoz, hogy hajnali 2-kor vagy ak\u00e1r 3-kor aludj el. \u00c9s m\u00e9g ha 3 \u00f3rakor el is alszol, \u00e9s 11 \u00f3rakor kelsz fel, azaz alapvet\u0151en megkapod azt a 8 \u00f3r\u00e1t, amire nek\u00fcnk, fiatal szervezeteknek sz\u00fcks\u00e9g\u00fcnk van, az alv\u00e1s min\u0151s\u00e9ge nem lesz kiel\u00e9g\u00edt\u0151. Ez\u00e9rt van az, hogy a fiatalok nagy r\u00e9sz\u00e9nek gondot okoz az elalv\u00e1s, \u00e9s alv\u00e1szavarokkal k\u00fcszk\u00f6dnek. A statisztik\u00e1k szerint a lakoss\u00e1g mintegy 30% r\u00e9sze szenved alv\u00e1sprobl\u00e9m\u00e1kt\u00f3l. Ez egy nagyon rossz eredm\u00e9ny, \u00e9s a becsl\u00e9sek egy\u00e1ltal\u00e1n nem mutatnak javul\u00e1st. Ennek anal\u00f3gi\u00e1j\u00e1ra, ha az alv\u00e1sunk min\u0151s\u00e9ge nem volt megfelel\u0151, akkor a nappali m\u0171k\u00f6d\u00e9s\u00fcnk sem kiel\u00e9g\u00edt\u0151, ami azt jelenti: a helyes \u00e9letm\u00f3dot nyugodtan kiiktathatjuk a fej\u00fcnkb\u0151l, mert ezzel a st\u00edlussal csak rontunk rajta. <\/p>\n\n\n\n<h2 class=\"wp-block-heading\"><span class=\"ez-toc-section\" id=\"Zaburzony_sen_a_uklad_nerwowy\"><\/span>Zavart alv\u00e1s \u00e9s az idegrendszer <span class=\"ez-toc-section-end\"><\/span><\/h2>\n\n\n\n<p>Az alv\u00e1szavarok teh\u00e1t olyan \u00e1llapot, amelyet semmik\u00e9ppen sem szabad figyelmen k\u00edv\u00fcl hagynunk, k\u00fcl\u00f6n\u00f6sen, ha eg\u00e9szs\u00e9ges \u00e9letm\u00f3dot \u00e9s mindenekel\u0151tt megfelel\u0151 min\u0151s\u00e9g\u0171, eg\u00e9szs\u00e9ges alv\u00e1st szeretn\u00e9nk. Az idegrendszer\u00fcnk egy nagyon bonyolult folyamat, ez\u00e9rt meg kell tanulnunk, hogyan m\u0171k\u00f6dik. Persze nem vehet\u00fcnk mindenkit a bizalmunkba, mert minden test m\u00e1s \u00e9s m\u00e1sra van sz\u00fcks\u00e9ge. A m\u00e9ly, pihentet\u0151 alv\u00e1s az eg\u00e9szs\u00e9ges \u00e9letm\u00f3d \u00e9s mindenekel\u0151tt az el\u00e9gedetts\u00e9g kulcsa. Nem k\u00fcl\u00f6nleges felfedez\u00e9s, hogy az \u00e1lmatlans\u00e1g vagy k\u00fcl\u00f6nb\u00f6z\u0151 m\u00e1s hasonl\u00f3 probl\u00e9m\u00e1k nagyon negat\u00edv hat\u00e1ssal vannak a szervezet m\u0171k\u00f6d\u00e9s\u00e9re, de nem csak. Az alv\u00e1shi\u00e1ny sz\u00e1mos m\u00e1s t\u00e9nyez\u0151t is okozhat, p\u00e9ld\u00e1ul koncentr\u00e1ci\u00f3s probl\u00e9m\u00e1kat, rossz hangulatot (gyakran a t\u00fal kev\u00e9s alv\u00e1s k\u00f6vetkezt\u00e9ben ingerl\u00e9kenyek \u00e9s levertek vagyunk), vagy ak\u00e1r depresszi\u00f3t vagy szorong\u00e1st. Kevesebb id\u0151t akarunk t\u00f6lteni szeretteinkkel, ami miatt a vel\u00fck val\u00f3 kapcsolatunk megromolhat, vagy ak\u00e1r teljesen meg is sz\u0171nhet. Azzal, hogy nem alszunk eleget, napk\u00f6zben vesz\u00edt\u00fcnk az er\u0151nkb\u0151l \u00e9s az energi\u00e1nkb\u00f3l, \u00edgy a fizikai aktivit\u00e1sunk is cs\u00f6kken, gyakran ak\u00e1r null\u00e1ra is, ami bizonyos esetekben (mivel ez az anyagcser\u00e9nkt\u0151l is f\u00fcgg) s\u00falygyarapod\u00e1shoz vezet, ami negat\u00edvan hat az \u00f6n\u00e9rt\u00e9kel\u00e9s\u00fcnkre. <\/p>\n\n\n\n<p>Ez\u00e9rt, kedveseim, van sz\u00e1motokra valami \u00e1ltalam kipr\u00f3b\u00e1lt \u00e9s tesztelt dolog, ami sokaknak seg\u00edthet megbirk\u00f3zni az eml\u00edtett probl\u00e9m\u00e1val, ami ut\u00e1n az els\u0151 hat\u00e1sok nagyon gyorsan jelentkeznek. Nagyon j\u00f3l tudod, hogy megosztom veled az \u00e9letem egy r\u00e9sz\u00e9t, \u00e9s besz\u00e9lek a probl\u00e9m\u00e1imr\u00f3l vagy tapasztalataimr\u00f3l. Ez\u00e9rt az \u00e1ltalam felvetett t\u00e9ma nagyon k\u00f6zel \u00e1ll hozz\u00e1m. Sok \u00e9ven \u00e1t alv\u00e1szavarok voltak n\u00e1lam a jellemz\u0151ek, \u00e9s az idegrendszerem nagyon rosszul m\u0171k\u00f6d\u00f6tt. Az \u00e9letm\u00f3dom viszont nagyon alacsonyra volt \u00e9rt\u00e9kelhet\u0151, \u00e9s a pihentet\u0151 alv\u00e1s - \u00e9letemnek abban az id\u0151szak\u00e1ban - nem l\u00e9tezett. Az akkori m\u0171szakos munk\u00e1m miatt m\u00e9g nehezebb volt megbirk\u00f3zni az \u00e1lmatlans\u00e1ggal. Pr\u00f3b\u00e1ltam \u00e9s pr\u00f3b\u00e1ltam k\u00fcl\u00f6nb\u00f6z\u0151 gy\u00f3gyszereket, amit\u0151l csak tomp\u00e1nak \u00e9s \u00e9lettelennek \u00e9reztem magam. N\u00e9h\u00e1nynak egy\u00e1ltal\u00e1n nem volt hat\u00e1sa. <\/p>\n\n\n\n<h2 class=\"wp-block-heading\"><span class=\"ez-toc-section\" id=\"Melatolin_Plus_%E2%80%93_czy_naprawde_pomaga\"><\/span>Melatolin Plus - t\u00e9nyleg seg\u00edt?<span class=\"ez-toc-section-end\"><\/span><\/h2>\n\n\n\n<p>Gyakran halljuk, hogy a citromf\u0171lev\u00e9l haszn\u00e1lata hasznos az idegrendszer\u00fcnk sz\u00e1m\u00e1ra. Ez t\u00e9ny, de n\u00e9ha ez nem el\u00e9g, \u00e9s valami jobbat kell el\u00e9rn\u00fcnk. Hi\u00e1ba pr\u00f3b\u00e1lkozunk k\u00fcl\u00f6nb\u00f6z\u0151 gy\u00f3gyn\u00f6v\u00e9nyekkel, amelyeknek a v\u00e1rt eredm\u00e9nyt kellene hozniuk, id\u0151k\u00f6zben m\u00e9g ezek is kudarcot vallanak. A kamilla-, menta- vagy citromf\u0171lev\u00e9l szed\u00e9se term\u00e9szetesen j\u00f3t tesz a szervezetnek, de \u00e1lmatlans\u00e1g eset\u00e9n egyetlen gy\u00f3gyn\u00f6v\u00e9ny \u00f6nmag\u00e1ban nem el\u00e9g. Az interneten r\u00e1bukkantam a melatolin \u00e9trend-kieg\u00e9sz\u00edt\u0151re, amelynek pozit\u00edv v\u00e9lem\u00e9nye volt, de nem tettem semmit.<\/p>\n\n\n\n<p>Egy nap, amikor egy \u00e1lmatlan \u00e9jszaka ut\u00e1n (egy\u00e9bk\u00e9nt nem az els\u0151) meg\u00e9rkeztem a munkahelyemre, \u00e9s \u00fagy n\u00e9ztem ki, mint egy hulla, egy koll\u00e9g\u00e1mnak elmondtam a probl\u00e9m\u00e1mat. Elmondta, hogy tudja, mi a probl\u00e9ma, mert eg\u00e9szen a k\u00f6zelm\u00faltig \u0151 is ezzel foglalkozott, \u00e9s aj\u00e1nlott egy bizonyos term\u00e9ket. Eleinte nagyon szkeptikus voltam, mert ne titkoljuk, mindenki az lenne, tekintve, hogy h\u00e1ny term\u00e9ket vagy m\u00f3dszert haszn\u00e1lt kor\u00e1bban, ami ut\u00e1n az els\u0151 eredm\u00e9nyekre v\u00e1rva hat\u00e1stalan volt. A k\u00e9ts\u00e9gbees\u00e9sem azonban v\u00e9g\u00fcl a v\u00e1s\u00e1rl\u00e1s mellett d\u00f6nt\u00f6ttem. <\/p>\n\n\n\n<p>Itt az Melatolin Plus-r\u0151l van sz\u00f3. Ez egy \u00e9trend-kieg\u00e9sz\u00edt\u0151, amely melatonint tartalmaz, amely az alv\u00e1shormon, amely felel\u0151s a napszakos ciklus szab\u00e1lyoz\u00e1s\u00e1\u00e9rt, amelynek k\u00f6sz\u00f6nhet\u0151en napk\u00f6zben akt\u00edvak vagyunk, \u00e9s s\u00f6t\u00e9ted\u00e9s ut\u00e1n \u00e1lmosnak \u00e9rezz\u00fck magunkat. Itt \u00e9rdemes megeml\u00edteni, hogy a melatolin \u00e9trend-kieg\u00e9sz\u00edt\u0151 nemcsak k\u00fcl\u00f6nb\u00f6z\u0151, p\u00e9ld\u00e1ul citromf\u0171lev\u00e9lb\u0151l sz\u00e1rmaz\u00f3 kivonatok, hanem m\u00e1s term\u00e9szetes \u00f6sszetev\u0151k kever\u00e9ke is. A Melatonin tabletta f\u0151 hat\u00e1sai: az alv\u00e1s min\u0151s\u00e9g\u00e9nek ak\u00e1r 60%-rel t\u00f6rt\u00e9n\u0151 jav\u00edt\u00e1sa, k\u00f6nnyebb \u00e9s gyorsabb elalv\u00e1s, az alv\u00e1s k\u00f6zbeni \u00e9bred\u00e9sek sz\u00e1m\u00e1nak cs\u00f6kkent\u00e9se, hossz\u00fa \u00e9s pihentet\u0151 alv\u00e1s el\u00e9r\u00e9se vagy az id\u0151 el\u0151tti felkel\u00e9s megel\u0151z\u00e9se. <\/p>\n\n\n\n<h2 class=\"wp-block-heading\"><span class=\"ez-toc-section\" id=\"Melatolin_Plus_recenzja_uzytkownikow\"><\/span>Melatolin Plus felhaszn\u00e1l\u00f3i \u00e9rt\u00e9kel\u00e9s<span class=\"ez-toc-section-end\"><\/span><\/h2>\n\n\n\n<p>Mint eml\u00edtettem, az Melatolin Plus nemcsak melatonint, hanem m\u00e1s olyan \u00f6sszetev\u0151ket is tartalmaz, amelyek lehet\u0151v\u00e9 teszik a pihen\u00e9st \u00e9s a fiziol\u00f3giai alv\u00e1s helyre\u00e1ll\u00edt\u00e1s\u00e1t, mint p\u00e9ld\u00e1ul a citromf\u0171 kivonat, amely nyugtat\u00f3 hat\u00e1ssal van az idegekre, \u00e9s j\u00f3 hangulatot \u00e9s j\u00f3 k\u00f6z\u00e9rzetet biztos\u00edt, a koml\u00f3toboz kivonat, egy olyan \u00f6sszetev\u0151, amely g\u00e1tolja az ingerek idegrendszeri \u00e9rz\u00e9kel\u00e9s\u00e9t, \u00e9s nyugtat\u00f3 hat\u00e1s\u00fa, vagy a s\u00e1fr\u00e1nyvir\u00e1g vir\u00e1gporz\u00f3 kivonat, amely hat\u00e1rozottan jav\u00edtja a hangulatot \u00e9s cs\u00f6kkenti a depresszi\u00f3 t\u00fcneteit. Ezeken az \u00f6sszetev\u0151k\u00f6n k\u00edv\u00fcl az Melatolin Plus-ben m\u00e1sok is vannak, p\u00e9ld\u00e1ul a b6-vitamin, amely els\u0151sorban az idegrendszer megfelel\u0151 m\u0171k\u00f6d\u00e9s\u00e9t jav\u00edtja, \u00e9s \u00e1ll\u00edt\u00f3lag (a leg\u00fajabb tanulm\u00e1nyok szerint) seg\u00edt eml\u00e9kezni az \u00e1lmokra. Itt sem hagyhatom ki a k\u00f6z\u00f6ns\u00e9ges kamilla gy\u00f3gyn\u00f6v\u00e9nyt, amely mint tudjuk, sz\u00e9lesk\u00f6r\u0171 gy\u00f3gy\u00e1szati felhaszn\u00e1l\u00e1s\u00e1r\u00f3l ismert. A kamilla seg\u00edt oldani az ideges fesz\u00fclts\u00e9get \u00e9s ellaz\u00edtani. Ezen \u00f6sszetev\u0151k mellett \u00e9rdemes megeml\u00edteni az \u00fagynevezett GABA-t, vagyis a gamma-aminovajsavat is. Hat\u00e1sa n\u00f6veli az idegek ingerl\u00e9kenys\u00e9gi k\u00fcsz\u00f6b\u00e9t, \u00e9s korl\u00e1tozza az ingerekre adott reakci\u00f3ikat. Mindenesetre a gy\u00e1rt\u00f3 weboldal\u00e1n mindent elolvashat r\u00f3la. <\/p>\n\n\n<p style=\"text-align: center;\"><strong>Javasoljuk <a target=\"_blank\" rel=\"nofollow\" href=\"https:\/\/asdieta.com\/hu\/goto\/https:\/\/nplink.net\/mspn5izc\/\">Snoran Plus<\/a><\/strong> a j\u00f3 \u00e9jszakai alv\u00e1shoz!<\/p>\n<p><\/p>\n<p><\/p><center><p><\/p>\n<p><a target=\"_blank\" rel=\"nofollow\" href=\"https:\/\/asdieta.com\/hu\/goto\/https:\/\/nplink.net\/mspn5izc\/\"><img loading=\"lazy\" decoding=\"async\" class=\"alignnone wp-image-352 size-large\" src=\"https:\/\/asdieta.pl\/wp-content\/uploads\/2019\/07\/am7-e1563196300358-683x1024.jpg\" alt=\"Snoranem Plus\" width=\"340\" height=\"560\"><\/a><\/p>\n<p style=\"text-align: center;\"><a href=\"https:\/\/asdieta.com\/hu\/zdrowie\/\">N\u00e9zd meg a t\u00f6bbi eg\u00e9szs\u00e9gfokoz\u00f3 t\u00e1pl\u00e1l\u00e9kkieg\u00e9sz\u00edt\u0151t is!<\/a><\/p>\n<p><\/p>\n<p><\/p><\/center><p><\/p>\n\n\n<h2 class=\"wp-block-heading\"><span class=\"ez-toc-section\" id=\"Melatolin_Plus_dawkowanie_suplementu\"><\/span>Melatolin Plus kieg\u00e9sz\u00edt\u0151 adagol\u00e1s<span class=\"ez-toc-section-end\"><\/span><\/h2>\n\n\n\n<p>Mivel m\u00e1r ismerj\u00fck a Melatolin alapvet\u0151 \u00f6sszet\u00e9tel\u00e9t, val\u00f3sz\u00edn\u0171leg automatikusan felmer\u00fcl a k\u00e9rd\u00e9s: Melatolin Plus hogyan kell haszn\u00e1lni. K\u00e9szen \u00e1llok a v\u00e1lasszal. Nos, a legelej\u00e9n nem szabad elfelejten\u00fcnk, hogy a Melatolin term\u00e9ket, mint b\u00e1rmely m\u00e1s term\u00e9ket, szisztematikusan kell szedni. Nem \u00fajdons\u00e1g, hogy minden term\u00e9k j\u00f3l m\u0171k\u00f6dik, ha rendszeresen adagolj\u00e1k. Ak\u00e1r hiszed, ak\u00e1r nem, csak akkor \u00e9rhet\u00fcnk el pozit\u00edv hat\u00e1st az \u00e9letsz\u00ednvonalunkra, ha rendszeresen szedj\u00fck, ami minden bizonnyal a siker kulcsa. A Melatolin szed\u00e9se azonban nem neh\u00e9z dolog. Az Melatolin Plus tablett\u00e1t naponta k\u00e9tszer kell bevenni, \u00e9tkez\u00e9st\u0151l f\u00fcggetlen\u00fcl. A term\u00e9ket egy poh\u00e1r v\u00edzzel (kb. 250 ml) kell elkortyolgatni, hogy felsz\u00edv\u00f3d\u00e1sa felgyorsuljon. Az els\u0151 hat\u00e1sok m\u00e1r az els\u0151 adag ut\u00e1n l\u00e1that\u00f3ak. A rendszeress\u00e9g teh\u00e1t ebben az esetben a legjobb m\u00f3dszer az eg\u00e9szs\u00e9ges alv\u00e1shoz \u00e9s szervezet\u00fcnk megfelel\u0151 m\u0171k\u00f6d\u00e9s\u00e9hez. <\/p>\n\n\n\n<p>Ha m\u00e1r meggy\u0151zte ez a bizonyos \u00e9trend-kieg\u00e9sz\u00edt\u0151, \u00e9s meg akarja v\u00e1s\u00e1rolni, van egy m\u00e1sik k\u00e9rd\u00e9s, amit figyelembe kell vennie, nevezetesen az Melatolin Plus \u00e1r\u00e1t. Szem\u00e9ly szerint \u00fagy gondolom, hogy ez \u00e1tlagos, ha a Melatolin term\u00e9k haszn\u00e1lata ut\u00e1n kapott eredm\u00e9nyeket n\u00e9zz\u00fck. \u00c9s l\u00e1ssuk be, ritk\u00e1n tal\u00e1lunk olyan \u00e1rat, amely megfelel a term\u00e9k min\u0151s\u00e9g\u00e9nek. Itt azonban a Melatolin \u00f6sszet\u00e9tele miatt, amely val\u00f3ban nagyszer\u0171, \u00e9s mivel a k\u00e9pletet \u00fagy \u00e1ll\u00edtott\u00e1k \u00f6ssze, hogy minimaliz\u00e1lja a mell\u00e9khat\u00e1sok kock\u00e1zat\u00e1t, nem kell agg\u00f3dnunk a mell\u00e9khat\u00e1sok miatt, amelyekr\u0151l eddig nem sz\u00e1moltak be. A n\u00f6v\u00e9nyi \u00f6sszet\u00e9tel miatt azonban ezt a gy\u00f3gym\u00f3dot nem szabad haszn\u00e1lni azoknak, akik allergi\u00e1sak b\u00e1rmelyik \u00f6sszetev\u0151re (b\u00e1r azt hiszem, ez \u00e1ltal\u00e1nosan nyilv\u00e1nval\u00f3). Teh\u00e1t a 60 kapszula \u00e1ra 159 PLN. Term\u00e9szetesen id\u0151nk\u00e9nt tal\u00e1lkozhatunk n\u00e9mi prom\u00f3ci\u00f3val \ud83d\ude09. <\/p>\n\n\n\n<h2 class=\"wp-block-heading\"><span class=\"ez-toc-section\" id=\"Melatolin_Plus_%E2%80%93_jakie_opinie\"><\/span>Melatolin Plus - milyen v\u00e9lem\u00e9nyek?<span class=\"ez-toc-section-end\"><\/span><\/h2>\n\n\n\n<p>Amikor komolyan fontol\u00f3ra vessz\u00fck egy adott term\u00e9k megv\u00e1s\u00e1rl\u00e1s\u00e1t, de ink\u00e1bb olyasmit szeretn\u00e9nk haszn\u00e1lni, ami m\u00e1r bizony\u00edtott \u00e9s nem csak egy, hanem legal\u00e1bb t\u00f6bb ember \u00e1ltal aj\u00e1nlott, akkor az Melatolin Plus v\u00e9lem\u00e9nyeihez ny\u00falunk. Ezek nagyon fontosak, \u00e9s azt javaslom, hogy keress\u00fck \u0151ket, ahol csak lehet, \u00e9s higgye el nekem - rengeteg forr\u00e1s van. \u00c9n magam szinte az eg\u00e9sz internetet \u00e1tkutattam \u00e9s sokat olvastam a Melatolin term\u00e9kr\u0151l. Ha teh\u00e1t az Melatolin Plus-t szeretn\u00e9 haszn\u00e1lni, a f\u00f3rum, ahol a k\u00fcl\u00f6nb\u00f6z\u0151 felhaszn\u00e1l\u00f3k megosztj\u00e1k tapasztalataikat a term\u00e9kkel kapcsolatban, a legjobb m\u00f3dja annak, hogy t\u00e1j\u00e9koz\u00f3djon. Tudom azonban, hogy a term\u00e9kkel kapcsolatos megjegyz\u00e9sek t\u00f6bbnyire nagyon pozit\u00edvak. <\/p>\n\n\n\n<p>A term\u00e9k hat\u00e9konys\u00e1ga nemcsak az olyan \u00f6sszetev\u0151k miatt k\u00f6vetkezik be, mint a b6-vitamin, a kamilla gy\u00f3gyn\u00f6v\u00e9nykivonat vagy a citromf\u0171 jelenl\u00e9te, hanem a melatolin plus egy olyan kieg\u00e9sz\u00edt\u0151, amely s\u00e1fr\u00e1nygy\u00f6k\u00e9r kivonatot vagy koml\u00f3toboz kivonatot is tartalmaz, amely t\u00f6bbek k\u00f6z\u00f6tt megakad\u00e1lyozza az Alzheimer-k\u00f3r kialakul\u00e1s\u00e1t. Ez\u00e9rt az Melatolin Plus \u00f6sszet\u00e9tel\u00e9nek eld\u00f6nt\u00e9se a f\u0151 oka annak, hogy mi\u00e9rt kell haszn\u00e1lni ezt a bizonyos melatolin term\u00e9ket. Gyakorlatilag minden ebben a kieg\u00e9sz\u00edt\u00e9sben tal\u00e1lhat\u00f3 gy\u00f3gyn\u00f6v\u00e9ny pozit\u00edv hat\u00e1ssal van az \u00e9rzelmi egyens\u00falyra \u00e9s az idegrendszer m\u0171k\u00f6d\u00e9s\u00e9re is. A citromf\u0171 haszn\u00e1lata nemcsak az elalv\u00e1st k\u00f6nny\u00edti meg \u00e9s nyugtatja idegeinket, hanem akt\u00edvan r\u00e9szt vesz a stressz elleni k\u00fczdelemben, de a balzsamolaj tartalm\u00e1nak k\u00f6sz\u00f6nhet\u0151en nyugtat\u00f3 hat\u00e1s\u00fa is, ami tov\u00e1bbi el\u0151nye. <\/p>\n\n\n\n<p>Mi t\u00f6bb, a B6-vitamin a fent eml\u00edtett tev\u00e9kenys\u00e9geken k\u00edv\u00fcl szab\u00e1lyozza a sz\u00edvm\u0171k\u00f6d\u00e9st, szab\u00e1lyozza a v\u00e9rnyom\u00e1st \u00e9s az izom\u00f6sszeh\u00faz\u00f3d\u00e1sokat, vagy t\u00e1mogatja a hajhull\u00e1s kezel\u00e9s\u00e9t, ami sz\u00e1munkra, n\u0151k sz\u00e1m\u00e1ra az imidzs\u00fcnk egy k\u00fcl\u00f6nleges kirakat\u00e1t jelenti. Ez\u00e9rt a Melatolin term\u00e9k megv\u00e1s\u00e1rl\u00e1sa j\u00f3 megold\u00e1s, amely megk\u00f6nny\u00edti az elalv\u00e1st, \u00e9s hat\u00e1rozottan jobb\u00e1 teszi mind az alv\u00e1s, mind az \u00e9let min\u0151s\u00e9g\u00e9t. \u00cdgy a citromf\u0171lev\u00e9l haszn\u00e1lata, a t\u00f6bbi gy\u00f3gyn\u00f6v\u00e9nyhez hasonl\u00f3an, val\u00f3ban kiv\u00e1l\u00f3 hat\u00e1ssal van a szervezetre. A Melatolin \u00e9trend-kieg\u00e9sz\u00edt\u0151t \u00e9ppen gazdag (\u00e9s mindenekel\u0151tt) term\u00e9szetes \u00f6sszet\u00e9tele k\u00fcl\u00f6nb\u00f6zteti meg, amelynek k\u00f6sz\u00f6nhet\u0151en az alv\u00e1shoz aj\u00e1nlott term\u00e9kek \u00e9lvonal\u00e1ban van. <\/p>\n\n\n\n<p>Azonban nem szabad elfelejten\u00fcnk, hogy n\u00e9ha egy kicsit tov\u00e1bb kell v\u00e1rnunk az els\u0151 hat\u00e1sokra, a szervezet\u00fcnk ig\u00e9nyeit\u0151l f\u00fcgg\u0151en. Ez\u00e9rt, b\u00e1r kor\u00e1bban eml\u00edtettem, hogy az els\u0151 hat\u00e1sok m\u00e1r az els\u0151 adag ut\u00e1n jelentkeznek, mindig szem el\u0151tt kell tartanunk, hogy az esetek t\u00f6bbs\u00e9g\u00e9r\u0151l van sz\u00f3. Ez\u00e9rt lehets\u00e9ges, hogy n\u00e9h\u00e1nyuk sz\u00e1m\u00e1ra a melatolinok haszn\u00e1lata egy kicsit k\u00e9s\u0151bb fog eredm\u00e9nyt hozni. Ennek a val\u00f3sz\u00edn\u0171s\u00e9ge azonban elhanyagolhat\u00f3, \u00edgy semmik\u00e9ppen sem \u00e9rdemes elkeseredni. A melatolin term\u00e9k alkalmaz\u00e1sa nem bonyolult \u00e9s nem id\u0151ig\u00e9nyes, ann\u00e1l meggy\u0151z\u0151bb. Ha k\u00e9ts\u00e9geink vannak azzal kapcsolatban, hogy a term\u00e9k megfelel\u0151en m\u0171k\u00f6dik-e, a gy\u00e1rt\u00f3 honlapj\u00e1n minden sz\u00fcks\u00e9ges inform\u00e1ci\u00f3t megtal\u00e1lunk. <\/p>\n\n\n\n<p>Ez\u00e9rt, kedves bar\u00e1taim, ha m\u00e9g nem foglalkoztak ezzel a sz\u00f6rny\u0171 \u00e9s kellemetlen probl\u00e9m\u00e1val, javaslom, hogy pr\u00f3b\u00e1lj\u00e1k ki a Melatolin \u00e9trend-kieg\u00e9sz\u00edt\u0151t. Persze nem tudom garant\u00e1lni, hogy mindenkin\u00e9l jelentkezik a hat\u00e1s, de szerintem t\u00e9nyleg \u00e9rdemes kipr\u00f3b\u00e1lni. Nekem seg\u00edtett, \u00e9s rem\u00e9lem, neked is seg\u00edteni fog. <\/p>\n\n\n<p style=\"text-align: center;\"><strong>Javasoljuk <a target=\"_blank\" rel=\"nofollow\" href=\"https:\/\/asdieta.com\/hu\/goto\/https:\/\/nplink.net\/mspn5izc\/\">Snoran Plus<\/a><\/strong> a j\u00f3 \u00e9jszakai alv\u00e1shoz!<\/p>\n<p><\/p>\n<p><\/p><center><p><\/p>\n<p><a target=\"_blank\" rel=\"nofollow\" href=\"https:\/\/asdieta.com\/hu\/goto\/https:\/\/nplink.net\/mspn5izc\/\"><img loading=\"lazy\" decoding=\"async\" class=\"alignnone wp-image-352\" src=\"https:\/\/asdieta.pl\/wp-content\/uploads\/2019\/07\/am7-e1563196300358-683x1024.jpg\" alt=\"Snoranem Plus\" width=\"227\" height=\"340\" srcset=\"https:\/\/asdieta.com\/wp-content\/uploads\/2019\/07\/am7-e1563196300358-683x1024.jpg 683w, https:\/\/asdieta.com\/wp-content\/uploads\/2019\/07\/am7-e1563196300358-200x300.jpg 200w, https:\/\/asdieta.com\/wp-content\/uploads\/2019\/07\/am7-e1563196300358-768x1152.jpg 768w, https:\/\/asdieta.com\/wp-content\/uploads\/2019\/07\/am7-e1563196300358-73x110.jpg 73w, https:\/\/asdieta.com\/wp-content\/uploads\/2019\/07\/am7-e1563196300358-280x420.jpg 280w, https:\/\/asdieta.com\/wp-content\/uploads\/2019\/07\/am7-e1563196300358-287x430.jpg 287w, https:\/\/asdieta.com\/wp-content\/uploads\/2019\/07\/am7-e1563196300358.jpg 1728w\" sizes=\"auto, (max-width: 227px) 100vw, 227px\" \/><\/a><\/p>\n<p style=\"text-align: center;\"><a href=\"https:\/\/asdieta.com\/hu\/zdrowie\/\">N\u00e9zd meg a t\u00f6bbi eg\u00e9szs\u00e9gfokoz\u00f3 t\u00e1pl\u00e1l\u00e9kkieg\u00e9sz\u00edt\u0151t is!<\/a><\/p>\n<p><\/p>\n<p><\/p><\/center><p><\/p>\n\n\n<p>Ez is \u00e9rdekelheti \u00d6nt: <a href=\"https:\/\/asdieta.com\/hu\/snoran-plus-gyogymod-a-horkolasra\/\">Snoran Plus \u00e1r<\/a> | <a href=\"https:\/\/asdieta.com\/hu\/breastfast-termeszetes-mellnagyobbitas\/\">BreastFast v\u00e9lem\u00e9nyek<\/a> | <a href=\"https:\/\/asdieta.com\/hu\/thyrolin-jo-a-pajzsmirigy-problemakhoz\/\">Thyrolin m\u0171velet <\/a><\/p>\n\n\n\n<p><strong>V\u00e9lem\u00e9nyek az \u00e9trend-kieg\u00e9sz\u00edt\u0151kr\u0151l<\/strong><br>A t\u00e9v\u00e9rekl\u00e1mokat n\u00e9zve bizony\u00e1ra mindannyian tal\u00e1lkoztunk m\u00e1r olyan term\u00e9kekkel, mint p\u00e9ld\u00e1ul az \u00e9trend-kieg\u00e9sz\u00edt\u0151k. A term\u00e9szetes \u00e9trend-kieg\u00e9sz\u00edt\u0151k pozit\u00edvan befoly\u00e1solhatj\u00e1k immunit\u00e1sunkat, vitaminokkal \u00e9s \u00e1sv\u00e1nyi anyagokkal l\u00e1tnak el minket, mik\u00f6zben megsz\u00fcntetik hi\u00e1nyoss\u00e1gaikat, vagy pozit\u00edv hat\u00e1ssal lehetnek hajunkra. Manaps\u00e1g rengeteg ilyen term\u00e9k van a piacon, \u00edgy amikor fontolgatjuk, hogy megv\u00e1s\u00e1roljuk valamelyiket, kezdetben nem tudjuk, melyik lesz a legjobb. Az internetes f\u00f3rumokon m\u00e1s internetez\u0151k pozit\u00edv v\u00e9lem\u00e9nye seg\u00edthet a v\u00e1laszt\u00e1sunkban. Nyilv\u00e1nval\u00f3, hogy ha valaki j\u00f3t mond valamir\u0151l, automatikusan ki akarjuk pr\u00f3b\u00e1lni magunkon.<\/p>\n\n\n\n<p><br><strong>Az \u00e9trend-kieg\u00e9sz\u00edt\u0151k haszn\u00e1lata<\/strong><br>Az olyan term\u00e9kek, mint az \u00e9trend-kieg\u00e9sz\u00edt\u0151k haszn\u00e1lata lehet\u0151v\u00e9 teszi mindannyiunk sz\u00e1m\u00e1ra, hogy gondoskodjunk eg\u00e9szs\u00e9g\u00fcnkr\u0151l. Vitaminhi\u00e1nyt p\u00f3tolunk, vagy azt okozunk, hogy ennek vagy annak a v\u00e9ny n\u00e9lk\u00fcl kaphat\u00f3 gy\u00f3gyszernek k\u00f6sz\u00f6nhet\u0151en jav\u00edtunk p\u00e9ld\u00e1ul hajunk vagy b\u0151r\u00fcnk kin\u00e9zet\u00e9n. Minden ilyen kieg\u00e9sz\u00edt\u0151t rekl\u00e1moznak a telev\u00edzi\u00f3ban, \u00edgy mindannyian megismerhetj\u00fck \u00e9s megv\u00e1s\u00e1rolhatjuk, ha olyan betegs\u00e9geket \u00e9szlel\u00fcnk magunkon, amelyeket ezekkel vagy m\u00e1s term\u00e9szetes t\u00e1pl\u00e1l\u00e9kkieg\u00e9sz\u00edt\u0151kkel le lehet k\u00fczdeni. Mindig j\u00f3 \u00f6tlet, ha valamit kipr\u00f3b\u00e1lsz magadon, mert ha nem teszteled, soha nem fogod megtudni, hogy meg\u00e9rte-e.<\/p>\n\n\n\n<p><br><strong>\u00c9lelmiszer-kieg\u00e9sz\u00edt\u0151k<\/strong><br>Manaps\u00e1g nagyon sokan \u00fagy fogyasztanak \u00e9telt, hogy nem felt\u00e9tlen\u00fcl kiegyens\u00falyozz\u00e1k megfelel\u0151en az \u00e9trendj\u00fcket. Az \u00e9trend-kieg\u00e9sz\u00edt\u0151k nagyon j\u00f3l m\u0171k\u00f6dnek ebben a helyzetben, mivel lehet\u0151v\u00e9 teszik az \u00f6sszes sz\u00fcks\u00e9ges \u00e1sv\u00e1nyi anyag p\u00f3tl\u00e1s\u00e1t. De vajon eg\u00e9szs\u00e9ges-e a t\u00e1pl\u00e1l\u00e9kkieg\u00e9sz\u00edt\u0151k fogyaszt\u00e1sa? Nem jobb, ha mindent megfelel\u0151 \u00e9trenddel eg\u00e9sz\u00edt\u00fcnk ki? Term\u00e9szetesen jobb lesz, ha mindenki maga m\u00e9rlegeli, hogy mi a jobb neki. N\u00e9h\u00e1nyan v\u00e1ltoztatni akarnak az \u00e9trendj\u00fck\u00f6n, m\u00e1sok viszont \u00fagy tal\u00e1lj\u00e1k, hogy a term\u00e9szetes kieg\u00e9sz\u00edt\u0151k jobban m\u0171k\u00f6dnek sz\u00e1mukra. A legfontosabb, hogy ne feledkezz\u00fcnk meg a kiegyens\u00falyozott \u00e9trendr\u0151l \u00e9s az eg\u00e9szs\u00e9ges t\u00e1pl\u00e1lkoz\u00e1sr\u00f3l.<\/p>\n<div id=\"ez-toc-container\" class=\"ez-toc-v2_0_82_2 counter-hierarchy ez-toc-counter ez-toc-grey ez-toc-container-direction\">\n<p class=\"ez-toc-title\" style=\"cursor:inherit\">Tartalomjegyz\u00e9k<\/p>\n<label for=\"ez-toc-cssicon-toggle-item-69efc7717f420\" class=\"ez-toc-cssicon-toggle-label\"><span class=\"\"><span class=\"eztoc-hide\" style=\"display:none;\">Toggle<\/span><span class=\"ez-toc-icon-toggle-span\"><svg style=\"fill: #999;color:#999\" xmlns=\"http:\/\/www.w3.org\/2000\/svg\" class=\"list-377408\" width=\"20px\" height=\"20px\" viewbox=\"0 0 24 24\" fill=\"none\"><path d=\"M6 6H4v2h2V6zm14 0H8v2h12V6zM4 11h2v2H4v-2zm16 0H8v2h12v-2zM4 16h2v2H4v-2zm16 0H8v2h12v-2z\" fill=\"currentColor\"><\/path><\/svg><svg style=\"fill: #999;color:#999\" class=\"arrow-unsorted-368013\" xmlns=\"http:\/\/www.w3.org\/2000\/svg\" width=\"10px\" height=\"10px\" viewbox=\"0 0 24 24\" version=\"1.2\" baseprofile=\"tiny\"><path d=\"M18.2 9.3l-6.2-6.3-6.2 6.3c-.2.2-.3.4-.3.7s.1.5.3.7c.2.2.4.3.7.3h11c.3 0 .5-.1.7-.3.2-.2.3-.5.3-.7s-.1-.5-.3-.7zM5.8 14.7l6.2 6.3 6.2-6.3c.2-.2.3-.5.3-.7s-.1-.5-.3-.7c-.2-.2-.4-.3-.7-.3h-11c-.3 0-.5.1-.7.3-.2.2-.3.5-.3.7s.1.5.3.7z\"\/><\/svg><\/span><\/span><\/label><input type=\"checkbox\"  id=\"ez-toc-cssicon-toggle-item-69efc7717f420\"  aria-label=\"Toggle\" \/><nav><ul class='ez-toc-list ez-toc-list-level-1' ><li class='ez-toc-page-1 ez-toc-heading-level-2'><a class=\"ez-toc-link ez-toc-heading-1\" href=\"https:\/\/asdieta.com\/hu\/melatolin-plus-slayer-insomniac\/#Zaburzony_sen_a_uklad_nerwowy\" >Zavart alv\u00e1s \u00e9s az idegrendszer<\/a><\/li><li class='ez-toc-page-1 ez-toc-heading-level-2'><a class=\"ez-toc-link ez-toc-heading-2\" href=\"https:\/\/asdieta.com\/hu\/melatolin-plus-slayer-insomniac\/#Melatolin_Plus_%E2%80%93_czy_naprawde_pomaga\" >Melatolin Plus - t\u00e9nyleg seg\u00edt?<\/a><\/li><li class='ez-toc-page-1 ez-toc-heading-level-2'><a class=\"ez-toc-link ez-toc-heading-3\" href=\"https:\/\/asdieta.com\/hu\/melatolin-plus-slayer-insomniac\/#Melatolin_Plus_recenzja_uzytkownikow\" >Melatolin Plus felhaszn\u00e1l\u00f3i \u00e9rt\u00e9kel\u00e9s<\/a><\/li><li class='ez-toc-page-1 ez-toc-heading-level-2'><a class=\"ez-toc-link ez-toc-heading-4\" href=\"https:\/\/asdieta.com\/hu\/melatolin-plus-slayer-insomniac\/#Melatolin_Plus_dawkowanie_suplementu\" >Melatolin Plus kieg\u00e9sz\u00edt\u0151 adagol\u00e1s<\/a><\/li><li class='ez-toc-page-1 ez-toc-heading-level-2'><a class=\"ez-toc-link ez-toc-heading-5\" href=\"https:\/\/asdieta.com\/hu\/melatolin-plus-slayer-insomniac\/#Melatolin_Plus_%E2%80%93_jakie_opinie\" >Melatolin Plus - milyen v\u00e9lem\u00e9nyek?<\/a><\/li><\/ul><\/nav><\/div>","protected":false},"excerpt":{"rendered":"<p>Dzi\u015b przychodz\u0119 do was z bardzo wa\u017cnym tematem, zar\u00f3wno dla mnie jak i dla ka\u017cdego z nas. Zdrowy sen jest (a w zasadzie powinien by\u0107) naszym przyjacielem na ca\u0142e \u017cycie. Niestety, szybkie t\u0119po dnia codziennego cz\u0119sto uniemo\u017cliwia nam spanie odpowiedni\u0105 ilo\u015b\u0107 godzin. Taki spos\u00f3b funkcjonowania naszego organizmu mo\u017ce powodowa\u0107 bardzo powa\u017cne problemy nie tylko z [&hellip;]<\/p>\n","protected":false},"author":1,"featured_media":353,"comment_status":"open","ping_status":"open","sticky":false,"template":"","format":"standard","meta":{"rating_form_position":"","rating_results_position":"","mr_structured_data_type":"","footnotes":""},"categories":[10],"tags":[],"class_list":["post-498","post","type-post","status-publish","format-standard","has-post-thumbnail","hentry","category-health"],"yoast_head":"<!-- This site is optimized with the Yoast SEO plugin v27.2 - https:\/\/yoast.com\/product\/yoast-seo-wordpress\/ -->\n<title>Melatolin Plus - pogromca bezsenno\u015bci? - As Dieta<\/title>\n<meta name=\"robots\" content=\"index, follow, max-snippet:-1, max-image-preview:large, max-video-preview:-1\" \/>\n<link rel=\"canonical\" href=\"https:\/\/asdieta.com\/hu\/melatolin-plus-slayer-insomniac\/\" \/>\n<meta property=\"og:locale\" content=\"hu_HU\" \/>\n<meta property=\"og:type\" content=\"article\" \/>\n<meta property=\"og:title\" content=\"Melatolin Plus - pogromca bezsenno\u015bci? - As Dieta\" \/>\n<meta property=\"og:description\" content=\"Dzi\u015b przychodz\u0119 do was z bardzo wa\u017cnym tematem, zar\u00f3wno dla mnie jak i dla ka\u017cdego z nas. Zdrowy sen jest (a w zasadzie powinien by\u0107) naszym przyjacielem na ca\u0142e \u017cycie. Niestety, szybkie t\u0119po dnia codziennego cz\u0119sto uniemo\u017cliwia nam spanie odpowiedni\u0105 ilo\u015b\u0107 godzin. Taki spos\u00f3b funkcjonowania naszego organizmu mo\u017ce powodowa\u0107 bardzo powa\u017cne problemy nie tylko z [&hellip;]\" \/>\n<meta property=\"og:url\" content=\"https:\/\/asdieta.com\/hu\/melatolin-plus-slayer-insomniac\/\" \/>\n<meta property=\"og:site_name\" content=\"As Dieta\" \/>\n<meta property=\"article:published_time\" content=\"2022-06-18T13:51:00+00:00\" \/>\n<meta property=\"article:modified_time\" content=\"2022-06-21T15:02:19+00:00\" \/>\n<meta property=\"og:image\" content=\"https:\/\/asdieta.com\/wp-content\/uploads\/2019\/07\/am2.jpg\" \/>\n\t<meta property=\"og:image:width\" content=\"2592\" \/>\n\t<meta property=\"og:image:height\" content=\"1728\" \/>\n\t<meta property=\"og:image:type\" content=\"image\/jpeg\" \/>\n<meta name=\"author\" content=\"Ania\" \/>\n<meta name=\"twitter:card\" content=\"summary_large_image\" \/>\n<meta name=\"twitter:label1\" content=\"Written by\" \/>\n\t<meta name=\"twitter:data1\" content=\"Ania\" \/>\n\t<meta name=\"twitter:label2\" content=\"Est. reading time\" \/>\n\t<meta name=\"twitter:data2\" content=\"13 perc\" \/>\n<script type=\"application\/ld+json\" class=\"yoast-schema-graph\">{\"@context\":\"https:\/\/schema.org\",\"@graph\":[{\"@type\":\"Article\",\"@id\":\"https:\/\/asdieta.com\/melatolin-plus-pogromca-bezsennosci\/#article\",\"isPartOf\":{\"@id\":\"https:\/\/asdieta.com\/melatolin-plus-pogromca-bezsennosci\/\"},\"author\":{\"name\":\"Ania\",\"@id\":\"https:\/\/asdieta.com\/et\/#\/schema\/person\/9055320e1699dfc52e959a80e3b32edf\"},\"headline\":\"Melatolin Plus &#8211; pogromca bezsenno\u015bci?\",\"datePublished\":\"2022-06-18T13:51:00+00:00\",\"dateModified\":\"2022-06-21T15:02:19+00:00\",\"mainEntityOfPage\":{\"@id\":\"https:\/\/asdieta.com\/melatolin-plus-pogromca-bezsennosci\/\"},\"wordCount\":2586,\"commentCount\":0,\"publisher\":{\"@id\":\"https:\/\/asdieta.com\/et\/#organization\"},\"image\":{\"@id\":\"https:\/\/asdieta.com\/melatolin-plus-pogromca-bezsennosci\/#primaryimage\"},\"thumbnailUrl\":\"https:\/\/asdieta.com\/wp-content\/uploads\/2019\/07\/am2.jpg\",\"articleSection\":[\"Zdrowie\"],\"inLanguage\":\"hu\",\"potentialAction\":[{\"@type\":\"CommentAction\",\"name\":\"Comment\",\"target\":[\"https:\/\/asdieta.com\/melatolin-plus-pogromca-bezsennosci\/#respond\"]}]},{\"@type\":\"WebPage\",\"@id\":\"https:\/\/asdieta.com\/melatolin-plus-pogromca-bezsennosci\/\",\"url\":\"https:\/\/asdieta.com\/melatolin-plus-pogromca-bezsennosci\/\",\"name\":\"Melatolin Plus - pogromca bezsenno\u015bci? - As Dieta\",\"isPartOf\":{\"@id\":\"https:\/\/asdieta.com\/et\/#website\"},\"primaryImageOfPage\":{\"@id\":\"https:\/\/asdieta.com\/melatolin-plus-pogromca-bezsennosci\/#primaryimage\"},\"image\":{\"@id\":\"https:\/\/asdieta.com\/melatolin-plus-pogromca-bezsennosci\/#primaryimage\"},\"thumbnailUrl\":\"https:\/\/asdieta.com\/wp-content\/uploads\/2019\/07\/am2.jpg\",\"datePublished\":\"2022-06-18T13:51:00+00:00\",\"dateModified\":\"2022-06-21T15:02:19+00:00\",\"breadcrumb\":{\"@id\":\"https:\/\/asdieta.com\/melatolin-plus-pogromca-bezsennosci\/#breadcrumb\"},\"inLanguage\":\"hu\",\"potentialAction\":[{\"@type\":\"ReadAction\",\"target\":[\"https:\/\/asdieta.com\/melatolin-plus-pogromca-bezsennosci\/\"]}]},{\"@type\":\"ImageObject\",\"inLanguage\":\"hu\",\"@id\":\"https:\/\/asdieta.com\/melatolin-plus-pogromca-bezsennosci\/#primaryimage\",\"url\":\"https:\/\/asdieta.com\/wp-content\/uploads\/2019\/07\/am2.jpg\",\"contentUrl\":\"https:\/\/asdieta.com\/wp-content\/uploads\/2019\/07\/am2.jpg\",\"width\":2592,\"height\":1728,\"caption\":\"Snoranowi Plus\"},{\"@type\":\"BreadcrumbList\",\"@id\":\"https:\/\/asdieta.com\/melatolin-plus-pogromca-bezsennosci\/#breadcrumb\",\"itemListElement\":[{\"@type\":\"ListItem\",\"position\":1,\"name\":\"Strona g\u0142\u00f3wna\",\"item\":\"https:\/\/asdieta.com\/et\/\"},{\"@type\":\"ListItem\",\"position\":2,\"name\":\"Melatolin Plus &#8211; pogromca bezsenno\u015bci?\"}]},{\"@type\":\"WebSite\",\"@id\":\"https:\/\/asdieta.com\/et\/#website\",\"url\":\"https:\/\/asdieta.com\/et\/\",\"name\":\"As Dieta\",\"description\":\"Blog o zdrowym trybie \u017cycia.\",\"publisher\":{\"@id\":\"https:\/\/asdieta.com\/et\/#organization\"},\"potentialAction\":[{\"@type\":\"SearchAction\",\"target\":{\"@type\":\"EntryPoint\",\"urlTemplate\":\"https:\/\/asdieta.com\/et\/?s={search_term_string}\"},\"query-input\":{\"@type\":\"PropertyValueSpecification\",\"valueRequired\":true,\"valueName\":\"search_term_string\"}}],\"inLanguage\":\"hu\"},{\"@type\":\"Organization\",\"@id\":\"https:\/\/asdieta.com\/et\/#organization\",\"name\":\"As Dieta\",\"url\":\"https:\/\/asdieta.com\/et\/\",\"logo\":{\"@type\":\"ImageObject\",\"inLanguage\":\"hu\",\"@id\":\"https:\/\/asdieta.com\/et\/#\/schema\/logo\/image\/\",\"url\":\"https:\/\/asdieta.com\/wp-content\/uploads\/2021\/11\/cropped-cover-1.png\",\"contentUrl\":\"https:\/\/asdieta.com\/wp-content\/uploads\/2021\/11\/cropped-cover-1.png\",\"width\":3500,\"height\":1167,\"caption\":\"As Dieta\"},\"image\":{\"@id\":\"https:\/\/asdieta.com\/et\/#\/schema\/logo\/image\/\"}},{\"@type\":\"Person\",\"@id\":\"https:\/\/asdieta.com\/et\/#\/schema\/person\/9055320e1699dfc52e959a80e3b32edf\",\"name\":\"Ania\",\"image\":{\"@type\":\"ImageObject\",\"inLanguage\":\"hu\",\"@id\":\"https:\/\/asdieta.com\/wp-content\/uploads\/2019\/09\/jonnelle-yankovich-lBWOnjLl9h4-unsplash-110x110.jpg\",\"url\":\"https:\/\/asdieta.com\/wp-content\/uploads\/2019\/09\/jonnelle-yankovich-lBWOnjLl9h4-unsplash-110x110.jpg\",\"contentUrl\":\"https:\/\/asdieta.com\/wp-content\/uploads\/2019\/09\/jonnelle-yankovich-lBWOnjLl9h4-unsplash-110x110.jpg\",\"caption\":\"Ania\"},\"description\":\"Entuzjastka zdrowego trybu \u017cycia i skutecznego odchudzania :)\",\"url\":\"https:\/\/asdieta.com\/hu\/author\/admin\/\"}]}<\/script>\n<!-- \/ Yoast SEO plugin. -->","yoast_head_json":{"title":"Melatolin Plus - az \u00e1lmatlans\u00e1g legy\u0151z\u0151je? - Mint di\u00e9ta","robots":{"index":"index","follow":"follow","max-snippet":"max-snippet:-1","max-image-preview":"max-image-preview:large","max-video-preview":"max-video-preview:-1"},"canonical":"https:\/\/asdieta.com\/hu\/melatolin-plus-slayer-insomniac\/","og_locale":"hu_HU","og_type":"article","og_title":"Melatolin Plus - pogromca bezsenno\u015bci? - As Dieta","og_description":"Dzi\u015b przychodz\u0119 do was z bardzo wa\u017cnym tematem, zar\u00f3wno dla mnie jak i dla ka\u017cdego z nas. Zdrowy sen jest (a w zasadzie powinien by\u0107) naszym przyjacielem na ca\u0142e \u017cycie. Niestety, szybkie t\u0119po dnia codziennego cz\u0119sto uniemo\u017cliwia nam spanie odpowiedni\u0105 ilo\u015b\u0107 godzin. Taki spos\u00f3b funkcjonowania naszego organizmu mo\u017ce powodowa\u0107 bardzo powa\u017cne problemy nie tylko z [&hellip;]","og_url":"https:\/\/asdieta.com\/hu\/melatolin-plus-slayer-insomniac\/","og_site_name":"As Dieta","article_published_time":"2022-06-18T13:51:00+00:00","article_modified_time":"2022-06-21T15:02:19+00:00","og_image":[{"width":2592,"height":1728,"url":"https:\/\/asdieta.com\/wp-content\/uploads\/2019\/07\/am2.jpg","type":"image\/jpeg"}],"author":"Ania","twitter_card":"summary_large_image","twitter_misc":{"Written by":"Ania","Est. reading time":"13 perc"},"schema":{"@context":"https:\/\/schema.org","@graph":[{"@type":"Article","@id":"https:\/\/asdieta.com\/melatolin-plus-pogromca-bezsennosci\/#article","isPartOf":{"@id":"https:\/\/asdieta.com\/melatolin-plus-pogromca-bezsennosci\/"},"author":{"name":"Ania","@id":"https:\/\/asdieta.com\/et\/#\/schema\/person\/9055320e1699dfc52e959a80e3b32edf"},"headline":"Melatolin Plus &#8211; pogromca bezsenno\u015bci?","datePublished":"2022-06-18T13:51:00+00:00","dateModified":"2022-06-21T15:02:19+00:00","mainEntityOfPage":{"@id":"https:\/\/asdieta.com\/melatolin-plus-pogromca-bezsennosci\/"},"wordCount":2586,"commentCount":0,"publisher":{"@id":"https:\/\/asdieta.com\/et\/#organization"},"image":{"@id":"https:\/\/asdieta.com\/melatolin-plus-pogromca-bezsennosci\/#primaryimage"},"thumbnailUrl":"https:\/\/asdieta.com\/wp-content\/uploads\/2019\/07\/am2.jpg","articleSection":["Zdrowie"],"inLanguage":"hu","potentialAction":[{"@type":"CommentAction","name":"Comment","target":["https:\/\/asdieta.com\/melatolin-plus-pogromca-bezsennosci\/#respond"]}]},{"@type":"WebPage","@id":"https:\/\/asdieta.com\/melatolin-plus-pogromca-bezsennosci\/","url":"https:\/\/asdieta.com\/melatolin-plus-pogromca-bezsennosci\/","name":"Melatolin Plus - az \u00e1lmatlans\u00e1g legy\u0151z\u0151je? - Mint di\u00e9ta","isPartOf":{"@id":"https:\/\/asdieta.com\/et\/#website"},"primaryImageOfPage":{"@id":"https:\/\/asdieta.com\/melatolin-plus-pogromca-bezsennosci\/#primaryimage"},"image":{"@id":"https:\/\/asdieta.com\/melatolin-plus-pogromca-bezsennosci\/#primaryimage"},"thumbnailUrl":"https:\/\/asdieta.com\/wp-content\/uploads\/2019\/07\/am2.jpg","datePublished":"2022-06-18T13:51:00+00:00","dateModified":"2022-06-21T15:02:19+00:00","breadcrumb":{"@id":"https:\/\/asdieta.com\/melatolin-plus-pogromca-bezsennosci\/#breadcrumb"},"inLanguage":"hu","potentialAction":[{"@type":"ReadAction","target":["https:\/\/asdieta.com\/melatolin-plus-pogromca-bezsennosci\/"]}]},{"@type":"ImageObject","inLanguage":"hu","@id":"https:\/\/asdieta.com\/melatolin-plus-pogromca-bezsennosci\/#primaryimage","url":"https:\/\/asdieta.com\/wp-content\/uploads\/2019\/07\/am2.jpg","contentUrl":"https:\/\/asdieta.com\/wp-content\/uploads\/2019\/07\/am2.jpg","width":2592,"height":1728,"caption":"Snoranowi Plus"},{"@type":"BreadcrumbList","@id":"https:\/\/asdieta.com\/melatolin-plus-pogromca-bezsennosci\/#breadcrumb","itemListElement":[{"@type":"ListItem","position":1,"name":"Strona g\u0142\u00f3wna","item":"https:\/\/asdieta.com\/et\/"},{"@type":"ListItem","position":2,"name":"Melatolin Plus &#8211; pogromca bezsenno\u015bci?"}]},{"@type":"WebSite","@id":"https:\/\/asdieta.com\/et\/#website","url":"https:\/\/asdieta.com\/et\/","name":"Mint di\u00e9ta","description":"Egy blog az eg\u00e9szs\u00e9ges \u00e9letm\u00f3dr\u00f3l.","publisher":{"@id":"https:\/\/asdieta.com\/et\/#organization"},"potentialAction":[{"@type":"SearchAction","target":{"@type":"EntryPoint","urlTemplate":"https:\/\/asdieta.com\/et\/?s={search_term_string}"},"query-input":{"@type":"PropertyValueSpecification","valueRequired":true,"valueName":"search_term_string"}}],"inLanguage":"hu"},{"@type":"Organization","@id":"https:\/\/asdieta.com\/et\/#organization","name":"Mint di\u00e9ta","url":"https:\/\/asdieta.com\/et\/","logo":{"@type":"ImageObject","inLanguage":"hu","@id":"https:\/\/asdieta.com\/et\/#\/schema\/logo\/image\/","url":"https:\/\/asdieta.com\/wp-content\/uploads\/2021\/11\/cropped-cover-1.png","contentUrl":"https:\/\/asdieta.com\/wp-content\/uploads\/2021\/11\/cropped-cover-1.png","width":3500,"height":1167,"caption":"As Dieta"},"image":{"@id":"https:\/\/asdieta.com\/et\/#\/schema\/logo\/image\/"}},{"@type":"Person","@id":"https:\/\/asdieta.com\/et\/#\/schema\/person\/9055320e1699dfc52e959a80e3b32edf","name":"Ania","image":{"@type":"ImageObject","inLanguage":"hu","@id":"https:\/\/asdieta.com\/wp-content\/uploads\/2019\/09\/jonnelle-yankovich-lBWOnjLl9h4-unsplash-110x110.jpg","url":"https:\/\/asdieta.com\/wp-content\/uploads\/2019\/09\/jonnelle-yankovich-lBWOnjLl9h4-unsplash-110x110.jpg","contentUrl":"https:\/\/asdieta.com\/wp-content\/uploads\/2019\/09\/jonnelle-yankovich-lBWOnjLl9h4-unsplash-110x110.jpg","caption":"Ania"},"description":"Az eg\u00e9szs\u00e9ges \u00e9letm\u00f3d \u00e9s a hat\u00e9kony fogy\u00e1s h\u00edve :)","url":"https:\/\/asdieta.com\/hu\/author\/admin\/"}]}},"multi-rating":{"mr_rating_results":[{"adjusted_star_result":5,"star_result":5,"total_max_option_value":5,"adjusted_score_result":5,"score_result":5,"percentage_result":100,"adjusted_percentage_result":100,"count":1,"post_id":498}]},"_links":{"self":[{"href":"https:\/\/asdieta.com\/hu\/wp-json\/wp\/v2\/posts\/498","targetHints":{"allow":["GET"]}}],"collection":[{"href":"https:\/\/asdieta.com\/hu\/wp-json\/wp\/v2\/posts"}],"about":[{"href":"https:\/\/asdieta.com\/hu\/wp-json\/wp\/v2\/types\/post"}],"author":[{"embeddable":true,"href":"https:\/\/asdieta.com\/hu\/wp-json\/wp\/v2\/users\/1"}],"replies":[{"embeddable":true,"href":"https:\/\/asdieta.com\/hu\/wp-json\/wp\/v2\/comments?post=498"}],"version-history":[{"count":9,"href":"https:\/\/asdieta.com\/hu\/wp-json\/wp\/v2\/posts\/498\/revisions"}],"predecessor-version":[{"id":4236,"href":"https:\/\/asdieta.com\/hu\/wp-json\/wp\/v2\/posts\/498\/revisions\/4236"}],"wp:featuredmedia":[{"embeddable":true,"href":"https:\/\/asdieta.com\/hu\/wp-json\/wp\/v2\/media\/353"}],"wp:attachment":[{"href":"https:\/\/asdieta.com\/hu\/wp-json\/wp\/v2\/media?parent=498"}],"wp:term":[{"taxonomy":"category","embeddable":true,"href":"https:\/\/asdieta.com\/hu\/wp-json\/wp\/v2\/categories?post=498"},{"taxonomy":"post_tag","embeddable":true,"href":"https:\/\/asdieta.com\/hu\/wp-json\/wp\/v2\/tags?post=498"}],"curies":[{"name":"wp","href":"https:\/\/api.w.org\/{rel}","templated":true}]}}