{"id":48,"date":"2023-03-09T16:17:08","date_gmt":"2023-03-09T16:17:08","guid":{"rendered":"http:\/\/asdieta.pl\/?p=48"},"modified":"2023-03-09T16:17:08","modified_gmt":"2023-03-09T16:17:08","slug":"kaplanex","status":"publish","type":"post","link":"https:\/\/asdieta.com\/hu\/kaplanex\/","title":{"rendered":"Kaplanex - hat\u00e9kony fogy\u00f3k\u00far\u00e1s t\u00e1mogat\u00e1s"},"content":{"rendered":"<p>Az Kaplanex 2023 egy \u00e9trend-kieg\u00e9sz\u00edt\u0151, amely t\u00e1mogatja a fogy\u00e1st. Kiegyens\u00falyozott \u00e9trenddel \u00e9s eg\u00e9szs\u00e9ges \u00e9letm\u00f3ddal egy\u00fctt alkalmazva seg\u00edt a fogy\u00e1sban.<br \/><a target=\"_blank\" rel=\"nofollow\" href=\"https:\/\/asdieta.com\/goto\/https:\/\/asdieta.pl\/wp-content\/uploads\/2017\/08\/588-1.jpg\"><img loading=\"lazy\" decoding=\"async\" class=\"size-full wp-image-49 aligncenter\" src=\"https:\/\/asdieta.pl\/wp-content\/uploads\/2017\/08\/588-1.jpg\" alt=\"\" width=\"371\" height=\"373\" \/><\/a><\/p>\n<p><strong>M\u0171k\u00f6d\u00e9s \u00e9s \u00f6sszet\u00e9tel<\/strong><\/p>\n<p>Az Kaplanex olyan \u00f6sszetev\u0151kb\u0151l \u00e1ll, amelyek teljesen biztons\u00e1gosak a szervezet sz\u00e1m\u00e1ra. \u00d6sszet\u00e9tel\u00e9ben megtal\u00e1lhat\u00f3 t\u00f6bbek k\u00f6z\u00f6tt a keser\u0171 narancsb\u00f3l nyert szinefrin vagy a chili cs\u00edp\u0151s \u00edz\u00e9\u00e9rt felel\u0151s kapszaicin. Ez a kombin\u00e1ci\u00f3 termog\u00e9n hat\u00e1s\u00fa. Megemeli a test h\u0151m\u00e9rs\u00e9klet\u00e9t, <strong>felgyors\u00edtja az anyagcser\u00e9t<\/strong> \u00e9s a t\u00e1rolt zs\u00edrok el\u00e9get\u00e9se. Seg\u00edt tov\u00e1bb\u00e1 fenntartani a norm\u00e1lis triglicerid- \u00e9s koleszterinszintet. <strong>G\u00e1tolja a gl\u00fck\u00f3z felsz\u00edv\u00f3d\u00e1s\u00e1t az em\u00e9szt\u0151rendszerb\u0151l is.<\/strong>ami cs\u00f6kkenti a cukorszintet a szervezetben, \u00e9s \u00edgy megsz\u00fcnteti az \u00e1lland\u00f3 \u00e9hs\u00e9g\u00e9rzetet.<\/p>\n\n\n<p class=\"has-text-align-center\"><strong>N\u00e9zze meg egy sokkal hat\u00e9konyabb term\u00e9k a fogy\u00e1s -&gt; <\/strong><a target=\"_blank\" rel=\"nofollow\" href=\"https:\/\/asdieta.com\/hu\/goto\/https:\/\/nplink.net\/kz994hjp\/\"><strong>Moringa Actives<\/strong><\/a><\/p>\n\n\n\n<div class=\"wp-block-image\">\n<figure class=\"aligncenter is-resized\"><a target=\"_blank\" rel=\"nofollow\" href=\"https:\/\/asdieta.com\/hu\/goto\/https:\/\/nplink.net\/kz994hjp\/\"><img loading=\"lazy\" decoding=\"async\" class=\"wp-image-3907 aligncenter\" src=\"https:\/\/asdieta.com\/wp-content\/uploads\/2022\/01\/Moringa-Actives-pro-05-1.jpg\" alt=\"\" width=\"461\" height=\"307\" srcset=\"https:\/\/asdieta.com\/wp-content\/uploads\/2022\/01\/Moringa-Actives-pro-05-1.jpg 960w, https:\/\/asdieta.com\/wp-content\/uploads\/2022\/01\/Moringa-Actives-pro-05-1-300x200.jpg 300w, https:\/\/asdieta.com\/wp-content\/uploads\/2022\/01\/Moringa-Actives-pro-05-1-768x512.jpg 768w, https:\/\/asdieta.com\/wp-content\/uploads\/2022\/01\/Moringa-Actives-pro-05-1-18x12.jpg 18w, https:\/\/asdieta.com\/wp-content\/uploads\/2022\/01\/Moringa-Actives-pro-05-1-110x73.jpg 110w, https:\/\/asdieta.com\/wp-content\/uploads\/2022\/01\/Moringa-Actives-pro-05-1-420x280.jpg 420w, https:\/\/asdieta.com\/wp-content\/uploads\/2022\/01\/Moringa-Actives-pro-05-1-645x430.jpg 645w\" sizes=\"auto, (max-width: 461px) 100vw, 461px\" \/><\/a><\/figure>\n<\/div>\n\n\n\n<p class=\"has-text-align-center\"><strong>Vagy menjen a <a target=\"_blank\" rel=\"nofollow\" href=\"https:\/\/asdieta.com\/hu\/goto\/https:\/\/www.asdieta.pl\/tabletki-na-odchudzanie\/\">karcs\u00fas\u00edt\u00f3 tablett\u00e1k rangsor<\/a><\/strong><\/p>\n\n\n<p><strong>Kaplanex hogyan kell haszn\u00e1lni?<\/strong><\/p>\n<p>Vegyen be naponta k\u00e9tszer egy tablett\u00e1t reggeli \u00e9s eb\u00e9d el\u0151tt. Fontos, hogy minden alkalommal sok vizet igyon. K\u00e9rj\u00fck, vegye figyelembe, hogy a k\u00e9sz\u00edtm\u00e9nyt feln\u0151tteknek sz\u00e1nj\u00e1k, \u00e9s hogy terhess\u00e9g vagy szoptat\u00e1s alatt nem szabad szedni.<\/p>\n<p><strong>Kaplanex v\u00e9lem\u00e9nyek<\/strong><\/p>\n<p>Az kaplanex felhaszn\u00e1l\u00f3i hangs\u00falyozz\u00e1k, hogy az els\u0151 \u00e9szrevehet\u0151 hat\u00e1s az elnyomott \u00e9tv\u00e1gy. Ennek eredm\u00e9nyek\u00e9ppen abbahagyj\u00e1k a nassol\u00e1st, \u00e9s k\u00f6nnyebben tartj\u00e1k magukat a di\u00e9t\u00e1hoz. Az eredm\u00e9ny? A kil\u00f3k lej\u00f6nnek, \u00e9s a test jobban \u00e9rzi mag\u00e1t. Fizikai aktivit\u00e1ssal kombin\u00e1lva nagyon j\u00f3 eredm\u00e9nyeket biztos\u00edt.<\/p>\n<p style=\"text-align: center;\"><strong>V\u00e9lem\u00e9nyem szerint azonban a hat\u00e9konyabb<\/strong><\/p>\n\n\n<\/strong><a target=\"_blank\" rel=\"nofollow\" href=\"https:\/\/asdieta.com\/hu\/goto\/https:\/\/nplink.net\/kz994hjp\/\"><strong>Moringa Actives<\/strong><\/a><\/p>\n<p style=\"text-align: center;\"><strong>\n\n\n\n<\/strong><\/p>\n\n<div class=\"wp-block-image\">\n<figure class=\"aligncenter is-resized\"><a target=\"_blank\" rel=\"nofollow\" href=\"https:\/\/asdieta.com\/hu\/goto\/https:\/\/nplink.net\/kz994hjp\/\"><img loading=\"lazy\" decoding=\"async\" class=\"wp-image-3907 aligncenter\" src=\"https:\/\/asdieta.com\/wp-content\/uploads\/2022\/01\/Moringa-Actives-pro-05-1.jpg\" alt=\"\" width=\"461\" height=\"307\" srcset=\"https:\/\/asdieta.com\/wp-content\/uploads\/2022\/01\/Moringa-Actives-pro-05-1.jpg 960w, https:\/\/asdieta.com\/wp-content\/uploads\/2022\/01\/Moringa-Actives-pro-05-1-300x200.jpg 300w, https:\/\/asdieta.com\/wp-content\/uploads\/2022\/01\/Moringa-Actives-pro-05-1-768x512.jpg 768w, https:\/\/asdieta.com\/wp-content\/uploads\/2022\/01\/Moringa-Actives-pro-05-1-18x12.jpg 18w, https:\/\/asdieta.com\/wp-content\/uploads\/2022\/01\/Moringa-Actives-pro-05-1-110x73.jpg 110w, https:\/\/asdieta.com\/wp-content\/uploads\/2022\/01\/Moringa-Actives-pro-05-1-420x280.jpg 420w, https:\/\/asdieta.com\/wp-content\/uploads\/2022\/01\/Moringa-Actives-pro-05-1-645x430.jpg 645w\" sizes=\"auto, (max-width: 461px) 100vw, 461px\" \/><\/a><\/figure>\n<\/div>\n<p style=\"text-align: center;\"><strong>\n\n\n\n<\/strong><\/p>\n<p class=\"has-text-align-center\"><strong>Vagy menjen a <a target=\"_blank\" rel=\"nofollow\" href=\"https:\/\/asdieta.com\/hu\/goto\/https:\/\/www.asdieta.pl\/tabletki-na-odchudzanie\/\">karcs\u00fas\u00edt\u00f3 tablett\u00e1k rangsor<\/a><\/strong><\/p>\n<p style=\"text-align: center;\"><strong>\n\n\n<p><\/p>\n<p><strong>Vagy menjen a <a href=\"https:\/\/asdieta.com\/hu\/tabletki-na-odchudzanie\/\">hat\u00e9kony fogy\u00f3k\u00far\u00e1s tablett\u00e1k<\/a> 2022<\/strong><\/p>\n<p>Seg\u00edtenek-e a t\u00e1pl\u00e1l\u00e9kkieg\u00e9sz\u00edt\u0151k a fogy\u00e1sban?<br>A t\u00fals\u00faly nem \u00fcdv\u00f6zlend\u0151, \u00e9s ez nem csak az eszt\u00e9tika miatt van \u00edgy, hanem eg\u00e9szs\u00e9g\u00fcgyi szempontokat is figyelembe kell venni. Az elh\u00edz\u00e1s \u00e9s a t\u00fals\u00faly el\u0151seg\u00edti a k\u00fcl\u00f6nb\u00f6z\u0151 betegs\u00e9gek kialakul\u00e1s\u00e1t. Nincs hi\u00e1ny olyan emberekb\u0151l, akik \u00e1lland\u00f3an fogy\u00f3k\u00far\u00e1znak, k\u00fcl\u00f6nb\u00f6z\u0151 di\u00e9t\u00e1k mellett. Nem m\u0171v\u00e9szet \u00e9heztetni magunkat \u00e9s megtagadni magunkt\u00f3l minden \u00e9lvezetet. M\u00e9g ha valakinek siker\u00fcl is egy ideig kitartania egy ilyen hatalmas kal\u00f3riakorl\u00e1toz\u00e1s mellett, az eg\u00e9szs\u00e9ge romlani fog, \u00e9s a gy\u0171l\u00f6lt joj\u00f3-effektus biztosan megjelenik. A kiegyens\u00falyozott \u00e9tkez\u00e9s \u00e9s a rendszeres testmozg\u00e1s kulcsfontoss\u00e1g\u00fa. Nem sz\u00fcks\u00e9ges azonban minden nap edzeni az edz\u0151teremben. A fogy\u00f3k\u00far\u00e1s \u00e9trend-kieg\u00e9sz\u00edt\u0151k nagyszer\u0171en m\u0171k\u00f6dnek t\u00e1mogat\u00e1sk\u00e9nt.<\/p>\n<p>\u00c9rdemes-e t\u00e1pl\u00e1l\u00e9kkieg\u00e9sz\u00edt\u0151ket szedni a fogy\u00e1s \u00e9rdek\u00e9ben?<\/p>\n<p>Nincs var\u00e1zspirula, amely lehet\u0151v\u00e9 teszi, hogy k\u00f6nnyed\u00e9n fogyni, cs\u00f6kkenteni a testzs\u00edrt. Term\u00e9szetesen haszn\u00e1lhatsz \u00e9trend-kieg\u00e9sz\u00edt\u0151ket a fogy\u00e1s \u00e9rdek\u00e9ben, de ezek nem helyettes\u00edthetik a megfelel\u0151en kiegyens\u00falyozott \u00e9tkez\u00e9st \u00e9s a testmozg\u00e1st. A fogy\u00e1shoz azonban nem kell er\u0151sen cs\u00f6kkenteni a kal\u00f3ri\u00e1kat. Egyszer\u0171en vonjon le napi 500 kcal-t hizlal\u00f3 r\u00e1gcs\u00e1lnival\u00f3k form\u00e1j\u00e1ban. A zs\u00edros s\u00fclt \u00e9teleket eg\u00e9szs\u00e9gesebb \u00e9s kev\u00e9sb\u00e9 kal\u00f3riad\u00fas alternat\u00edv\u00e1kkal helyettes\u00edtheti. A pan\u00edrozott sert\u00e9sszelet helyett p\u00e9ld\u00e1ul kemenc\u00e9ben s\u00fclt halat ehet. Annyi lehet\u0151s\u00e9g k\u00f6z\u00fcl v\u00e1laszthatunk, hogy sz\u00f3 sem lehet unalmas \u00e9s egyhang\u00fa \u00e9trendr\u0151l. A szervezet nem akar megszabadulni a felhalmozott testzs\u00edrt\u00f3l, ha t\u00fal\u00e9l\u00e9si \u00fczemm\u00f3dba kapcsolja, azaz egyre kevesebb kal\u00f3ri\u00e1t biztos\u00edt. Elkezdi t\u00e1rolni \u0151ket, \u00e9s b\u00e1rmit elpakol. Ez csak lelass\u00edtja az anyagcser\u00e9t, \u00e9s sz\u00e1mos tov\u00e1bbi probl\u00e9ma, k\u00fcl\u00f6nb\u00f6z\u0151 eg\u00e9szs\u00e9g\u00fcgyi panaszok l\u00e9pnek fel.<\/p>\n<p>Sz\u00fcntesse meg a nagym\u00e9rt\u00e9kben feldolgozott \u00e9lelmiszereket, \u00e9s helyettes\u00edtse \u0151ket term\u00e9szetes, mesters\u00e9ges adal\u00e9kanyagok n\u00e9lk\u00fcli term\u00e9kekkel. Ha ehhez m\u00e9g rendszeres testmozg\u00e1st is hozz\u00e1ad, akkor eg\u00e9szs\u00e9ges fogy\u00e1sra sz\u00e1m\u00edthat. M\u00e9g jobb eredm\u00e9nyeket lehet el\u00e9rni a fogy\u00f3k\u00far\u00e1s \u00e9trend-kieg\u00e9sz\u00edt\u0151kkel. T\u00e1mogatj\u00e1k a zs\u00edrsz\u00f6vet cs\u00f6kkent\u00e9s\u00e9t \u00e9s felgyors\u00edtj\u00e1k az anyagcsere-folyamatokat. Sz\u00e1m\u00edthat a sz\u00e9nhidr\u00e1tok \u00e9s zs\u00edrok cs\u00f6kkent felsz\u00edv\u00f3d\u00e1s\u00e1ra, fokozott h\u0151termel\u00e9sre. Mindez sokkal k\u00f6nnyebb\u00e9 teszi a nem k\u00edv\u00e1nt kil\u00f3kt\u00f3l val\u00f3 megszabadul\u00e1st, \u00e9s a joj\u00f3-effektus sem fog megjelenni. Gondoskodni kell a test t\u00e1pl\u00e1l\u00e1s\u00e1r\u00f3l, vitaminokkal, \u00e1sv\u00e1nyi anyagokkal, zs\u00edrsavakkal, antioxid\u00e1nsokkal kell ell\u00e1tni. A n\u00f6v\u00e9nyi kivonatok \u00e9s a k\u00fcl\u00f6nb\u00f6z\u0151 gy\u00f3gyn\u00f6v\u00e9nyek szint\u00e9n rendk\u00edv\u00fcl hasznosak. Ilyen \u00f6sszetev\u0151ket kell keresni a t\u00e1pl\u00e1l\u00e9kkieg\u00e9sz\u00edt\u0151kben, amelyek \u0151rzik a karcs\u00fa alakot.<\/p>\n<p>Milyen fogy\u00f3k\u00far\u00e1s kieg\u00e9sz\u00edt\u0151kh\u00f6z \u00e9rdemes ny\u00falni?<\/p>\n<p>Rengeteg \u00e9trend-kieg\u00e9sz\u00edt\u0151 van forgalomban, amelyek seg\u00edtenek megszabadulni a s\u00falyfeleslegt\u0151l. A kitint tartalmaz\u00f3 k\u00e9sz\u00edtm\u00e9nyek, amelyek felsz\u00edvj\u00e1k a vizet \u00e9s megk\u00f6tik a zs\u00edrt az em\u00e9szt\u0151rendszerben, nagyszer\u0171ek. Szint\u00e9n aj\u00e1nlott a fasolamint tartalmaz\u00f3 term\u00e9kek, egy olyan babkivonat, amely blokkolja a kem\u00e9ny\u00edt\u0151 egyszer\u0171 cukrokk\u00e1 t\u00f6rt\u00e9n\u0151 lebont\u00e1s\u00e1t. Ez azt jelenti, hogy nem asszimil\u00e1l\u00f3dnak az em\u00e9szt\u0151rendszerben. Nem kell agg\u00f3dnia amiatt, hogy a kem\u00e9ny\u00edt\u0151 testzs\u00edrr\u00e1 alakul \u00e1t. Ez nagyszer\u0171 lehet\u0151s\u00e9g lesz azok sz\u00e1m\u00e1ra, akik szeretik a magas kem\u00e9ny\u00edt\u0151tartalm\u00fa \u00e9teleket, p\u00e9ld\u00e1ul burgony\u00e1t, kenyeret, p\u00e9k\u00e1rut \u00e9s m\u00e1s lisztb\u0151l k\u00e9sz\u00fclt term\u00e9keket fogyasztani. A z\u00f6ld k\u00e1v\u00e9, pontosabban a benne tal\u00e1lhat\u00f3 klorog\u00e9nsav seg\u00edt a karcs\u00fa alak meg\u0151rz\u00e9s\u00e9ben. Felel\u0151s a bevitt cukrok felsz\u00edv\u00f3d\u00e1s\u00e1nak cs\u00f6kkent\u00e9s\u00e9\u00e9rt, \u00e9s n\u00f6veli a testzs\u00edr el\u00e9get\u00e9s\u00e9t. A z\u00f6ld tea az anyagcsere jav\u00edt\u00e1s\u00e1ra \u00e9s a zs\u00edrfelhalmoz\u00f3d\u00e1s megel\u0151z\u00e9s\u00e9re is kiv\u00e1l\u00f3an alkalmas. Mi t\u00f6bb, m\u00e9g fel is gyors\u00edthatja a megszabadul\u00e1st t\u0151l\u00fck a szervezet\u00e9b\u0151l.<\/p>\n<p>Milyen \u00f6sszetev\u0151ket l\u00e1tnak sz\u00edvesen a fogy\u00f3k\u00far\u00e1s \u00e9trend-kieg\u00e9sz\u00edt\u0151kben?<\/p>\n<p>A fogy\u00f3k\u00far\u00e1s \u00e9trend-kieg\u00e9sz\u00edt\u0151k l-karnitint tartalmaznak, egy rendk\u00edv\u00fcl hasznos anyagot, amely serkenti a fogy\u00e1s folyamat\u00e1t. Ellens\u00falyozza a zs\u00edrsavak sejtekbe t\u00f6rt\u00e9n\u0151 sz\u00e1ll\u00edt\u00e1s\u00e1t. A fizikai aktivit\u00e1ssal kombin\u00e1lva nagyszer\u0171 eredm\u00e9nyek \u00e9rhet\u0151k el. A zs\u00edrsavak energi\u00e1v\u00e1 alakulnak, ahelyett, hogy a has\u00fcregben gumiabroncsk\u00e9nt halmoz\u00f3dn\u00e1nak fel. A koffein seg\u00edt a tests\u00faly cs\u00f6kkent\u00e9s\u00e9ben is. Tov\u00e1bbi el\u0151nye lesz a stimul\u00e1ci\u00f3, a megn\u00f6vekedett energia, a f\u00e1radts\u00e1g megsz\u00fcntet\u00e9se, az anyagcsere felgyors\u00edt\u00e1sa. Seg\u00edtenek a CLA-t, azaz a linolsavat tartalmaz\u00f3 kieg\u00e9sz\u00edt\u0151k, amelyek megk\u00f6nny\u00edtik a zs\u00edrsavak energiaforr\u00e1sk\u00e9nt val\u00f3 felhaszn\u00e1l\u00e1s\u00e1t. A rostok, a kr\u00f3m \u00e9s a n\u00f6v\u00e9nyi pektin hasznosak lesznek, mivel elnyomj\u00e1k az \u00e9tv\u00e1gyat. Az el\u0151ny\u00f6k k\u00f6z\u00e9 tartozik a b\u00e9lperisztaltika serkent\u00e9se, a hosszabb ideig tart\u00f3 tel\u00edtetts\u00e9g\u00e9rzet, az el\u00e9getett kal\u00f3ri\u00e1k sz\u00e1m\u00e1nak n\u00f6veked\u00e9se, a sz\u00e9nhidr\u00e1t-anyagcsere szab\u00e1lyoz\u00e1sa, az \u00e9hs\u00e9grohamok \u00e9s az \u00e9tkez\u00e9sek k\u00f6z\u00f6tti nassol\u00e1si v\u00e1gy megsz\u0171n\u00e9se. A fogy\u00e1st seg\u00edt\u0151 gy\u00f3gyn\u00f6v\u00e9nyek haszn\u00e1lata is aj\u00e1nlott. Ilyen p\u00e9ld\u00e1ul a borsmenta, amely serkenti a gyomorsav kiv\u00e1laszt\u00e1s\u00e1t \u00e9s szab\u00e1lyozza a b\u00e9lm\u0171k\u00f6d\u00e9st. A cickafark szint\u00e9n seg\u00edt a karcs\u00fa alak meg\u0151rz\u00e9s\u00e9ben, \u00e9s ugyanez mondhat\u00f3 el a zs\u00e1ly\u00e1r\u00f3l, a l\u00f3f\u0171r\u0151l, a gy\u00f6mb\u00e9rr\u0151l, az \u00e1rv\u00e1csk\u00e1r\u00f3l, a zs\u00e1ly\u00e1r\u00f3l \u00e9s a homokt\u00f6visr\u0151l is. \u00c9rdemes a kurkuma, guarana, lenmag, eperfa, \u00fatif\u0171, \u00fatif\u0171, \u00e9desk\u00f6m\u00e9ny \u00e9s gyermekl\u00e1ncf\u0171 tartalm\u00fa kieg\u00e9sz\u00edt\u0151kh\u00f6z ny\u00falni.<\/p>\n<p>C\u00edmk\u00e9k:Kaplanex , Kaplanex v\u00e9lem\u00e9nyek , Kaplanex \u00e1r , Kaplanex f\u00f3rum , Kaplanex gy\u00f3gyszert\u00e1r , Kaplanex hol lehet v\u00e1s\u00e1rolni , adagol\u00e1s<\/p>","protected":false},"excerpt":{"rendered":"<p>Kaplanex 2023 jest suplementem diety wspomagaj\u0105cym proces odchudzania. Stosowany w po\u0142\u0105czeniu ze bilansowan\u0105 diet\u0105 i zdrowym trybem \u017cycia, pomaga zrzuci\u0107 zb\u0119dne kilogramy. Dzia\u0142anie i sk\u0142ad Kaplanex posiada kompozycj\u0119 sk\u0142adnik\u00f3w, kt\u00f3re s\u0105 w pe\u0142ni bezpieczne dla organizmu. W jego sk\u0142adzie znajdziemy mi\u0119dzy innymi synefryn\u0119 otrzymywan\u0105 z gorzkiej pomara\u0144czy czy kapsaicyn\u0119 odpowiedzialn\u0105 za ostry smak chili. Takie [&hellip;]<\/p>\n","protected":false},"author":1,"featured_media":49,"comment_status":"open","ping_status":"open","sticky":false,"template":"","format":"standard","meta":{"rating_form_position":"","rating_results_position":"","mr_structured_data_type":"","footnotes":""},"categories":[5],"tags":[],"class_list":["post-48","post","type-post","status-publish","format-standard","has-post-thumbnail","hentry","category-review"],"yoast_head":"<!-- This site is optimized with the Yoast SEO plugin v27.2 - https:\/\/yoast.com\/product\/yoast-seo-wordpress\/ -->\n<title>Kaplanex - skuteczne wsparcie w odchudzaniu - As Dieta<\/title>\n<meta name=\"robots\" content=\"index, follow, max-snippet:-1, max-image-preview:large, max-video-preview:-1\" \/>\n<link rel=\"canonical\" href=\"https:\/\/asdieta.com\/hu\/kaplanex\/\" \/>\n<meta property=\"og:locale\" content=\"hu_HU\" \/>\n<meta property=\"og:type\" content=\"article\" \/>\n<meta property=\"og:title\" content=\"Kaplanex - skuteczne wsparcie w odchudzaniu - As Dieta\" \/>\n<meta property=\"og:description\" content=\"Kaplanex 2023 jest suplementem diety wspomagaj\u0105cym proces odchudzania. Stosowany w po\u0142\u0105czeniu ze bilansowan\u0105 diet\u0105 i zdrowym trybem \u017cycia, pomaga zrzuci\u0107 zb\u0119dne kilogramy. Dzia\u0142anie i sk\u0142ad Kaplanex posiada kompozycj\u0119 sk\u0142adnik\u00f3w, kt\u00f3re s\u0105 w pe\u0142ni bezpieczne dla organizmu. W jego sk\u0142adzie znajdziemy mi\u0119dzy innymi synefryn\u0119 otrzymywan\u0105 z gorzkiej pomara\u0144czy czy kapsaicyn\u0119 odpowiedzialn\u0105 za ostry smak chili. Takie [&hellip;]\" \/>\n<meta property=\"og:url\" content=\"https:\/\/asdieta.com\/hu\/kaplanex\/\" \/>\n<meta property=\"og:site_name\" content=\"As Dieta\" \/>\n<meta property=\"article:published_time\" content=\"2023-03-09T16:17:08+00:00\" \/>\n<meta property=\"og:image\" content=\"https:\/\/asdieta.com\/wp-content\/uploads\/2017\/08\/588-1.jpg\" \/>\n\t<meta property=\"og:image:width\" content=\"371\" \/>\n\t<meta property=\"og:image:height\" content=\"373\" \/>\n\t<meta property=\"og:image:type\" content=\"image\/jpeg\" \/>\n<meta name=\"author\" content=\"Ania\" \/>\n<meta name=\"twitter:card\" content=\"summary_large_image\" \/>\n<meta name=\"twitter:label1\" content=\"Written by\" \/>\n\t<meta name=\"twitter:data1\" content=\"Ania\" \/>\n\t<meta name=\"twitter:label2\" content=\"Est. reading time\" \/>\n\t<meta name=\"twitter:data2\" content=\"6 perc\" \/>\n<script type=\"application\/ld+json\" class=\"yoast-schema-graph\">{\"@context\":\"https:\/\/schema.org\",\"@graph\":[{\"@type\":\"Article\",\"@id\":\"https:\/\/asdieta.com\/kaplanex\/#article\",\"isPartOf\":{\"@id\":\"https:\/\/asdieta.com\/sl\/kaplanex\/\"},\"author\":{\"name\":\"Ania\",\"@id\":\"https:\/\/asdieta.com\/et\/#\/schema\/person\/9055320e1699dfc52e959a80e3b32edf\"},\"headline\":\"Kaplanex &#8211; skuteczne wsparcie w odchudzaniu\",\"datePublished\":\"2023-03-09T16:17:08+00:00\",\"mainEntityOfPage\":{\"@id\":\"https:\/\/asdieta.com\/sl\/kaplanex\/\"},\"wordCount\":1124,\"commentCount\":0,\"publisher\":{\"@id\":\"https:\/\/asdieta.com\/et\/#organization\"},\"image\":{\"@id\":\"https:\/\/asdieta.com\/kaplanex\/#primaryimage\"},\"thumbnailUrl\":\"https:\/\/asdieta.com\/wp-content\/uploads\/2017\/08\/588-1.jpg\",\"articleSection\":[\"Recenzje\"],\"inLanguage\":\"hu\",\"potentialAction\":[{\"@type\":\"CommentAction\",\"name\":\"Comment\",\"target\":[\"https:\/\/asdieta.com\/kaplanex\/#respond\"]}]},{\"@type\":\"WebPage\",\"@id\":\"https:\/\/asdieta.com\/sl\/kaplanex\/\",\"url\":\"https:\/\/asdieta.com\/kaplanex\/\",\"name\":\"Kaplanex - skuteczne wsparcie w odchudzaniu - As Dieta\",\"isPartOf\":{\"@id\":\"https:\/\/asdieta.com\/et\/#website\"},\"primaryImageOfPage\":{\"@id\":\"https:\/\/asdieta.com\/kaplanex\/#primaryimage\"},\"image\":{\"@id\":\"https:\/\/asdieta.com\/kaplanex\/#primaryimage\"},\"thumbnailUrl\":\"https:\/\/asdieta.com\/wp-content\/uploads\/2017\/08\/588-1.jpg\",\"datePublished\":\"2023-03-09T16:17:08+00:00\",\"breadcrumb\":{\"@id\":\"https:\/\/asdieta.com\/kaplanex\/#breadcrumb\"},\"inLanguage\":\"hu\",\"potentialAction\":[{\"@type\":\"ReadAction\",\"target\":[\"https:\/\/asdieta.com\/kaplanex\/\"]}]},{\"@type\":\"ImageObject\",\"inLanguage\":\"hu\",\"@id\":\"https:\/\/asdieta.com\/kaplanex\/#primaryimage\",\"url\":\"https:\/\/asdieta.com\/wp-content\/uploads\/2017\/08\/588-1.jpg\",\"contentUrl\":\"https:\/\/asdieta.com\/wp-content\/uploads\/2017\/08\/588-1.jpg\",\"width\":371,\"height\":373},{\"@type\":\"BreadcrumbList\",\"@id\":\"https:\/\/asdieta.com\/kaplanex\/#breadcrumb\",\"itemListElement\":[{\"@type\":\"ListItem\",\"position\":1,\"name\":\"Strona g\u0142\u00f3wna\",\"item\":\"https:\/\/asdieta.com\/et\/\"},{\"@type\":\"ListItem\",\"position\":2,\"name\":\"Kaplanex &#8211; skuteczne wsparcie w odchudzaniu\"}]},{\"@type\":\"WebSite\",\"@id\":\"https:\/\/asdieta.com\/et\/#website\",\"url\":\"https:\/\/asdieta.com\/et\/\",\"name\":\"As Dieta\",\"description\":\"Blog o zdrowym trybie \u017cycia.\",\"publisher\":{\"@id\":\"https:\/\/asdieta.com\/et\/#organization\"},\"potentialAction\":[{\"@type\":\"SearchAction\",\"target\":{\"@type\":\"EntryPoint\",\"urlTemplate\":\"https:\/\/asdieta.com\/et\/?s={search_term_string}\"},\"query-input\":{\"@type\":\"PropertyValueSpecification\",\"valueRequired\":true,\"valueName\":\"search_term_string\"}}],\"inLanguage\":\"hu\"},{\"@type\":\"Organization\",\"@id\":\"https:\/\/asdieta.com\/et\/#organization\",\"name\":\"As Dieta\",\"url\":\"https:\/\/asdieta.com\/et\/\",\"logo\":{\"@type\":\"ImageObject\",\"inLanguage\":\"hu\",\"@id\":\"https:\/\/asdieta.com\/et\/#\/schema\/logo\/image\/\",\"url\":\"https:\/\/asdieta.com\/wp-content\/uploads\/2021\/11\/cropped-cover-1.png\",\"contentUrl\":\"https:\/\/asdieta.com\/wp-content\/uploads\/2021\/11\/cropped-cover-1.png\",\"width\":3500,\"height\":1167,\"caption\":\"As Dieta\"},\"image\":{\"@id\":\"https:\/\/asdieta.com\/et\/#\/schema\/logo\/image\/\"}},{\"@type\":\"Person\",\"@id\":\"https:\/\/asdieta.com\/et\/#\/schema\/person\/9055320e1699dfc52e959a80e3b32edf\",\"name\":\"Ania\",\"image\":{\"@type\":\"ImageObject\",\"inLanguage\":\"hu\",\"@id\":\"https:\/\/asdieta.com\/wp-content\/uploads\/2019\/09\/jonnelle-yankovich-lBWOnjLl9h4-unsplash-110x110.jpg\",\"url\":\"https:\/\/asdieta.com\/wp-content\/uploads\/2019\/09\/jonnelle-yankovich-lBWOnjLl9h4-unsplash-110x110.jpg\",\"contentUrl\":\"https:\/\/asdieta.com\/wp-content\/uploads\/2019\/09\/jonnelle-yankovich-lBWOnjLl9h4-unsplash-110x110.jpg\",\"caption\":\"Ania\"},\"description\":\"Entuzjastka zdrowego trybu \u017cycia i skutecznego odchudzania :)\",\"url\":\"https:\/\/asdieta.com\/hu\/author\/admin\/\"}]}<\/script>\n<!-- \/ Yoast SEO plugin. -->","yoast_head_json":{"title":"Kaplanex - hat\u00e9kony fogy\u00f3k\u00far\u00e1s t\u00e1mogat\u00e1s - Ace Diet","robots":{"index":"index","follow":"follow","max-snippet":"max-snippet:-1","max-image-preview":"max-image-preview:large","max-video-preview":"max-video-preview:-1"},"canonical":"https:\/\/asdieta.com\/hu\/kaplanex\/","og_locale":"hu_HU","og_type":"article","og_title":"Kaplanex - skuteczne wsparcie w odchudzaniu - As Dieta","og_description":"Kaplanex 2023 jest suplementem diety wspomagaj\u0105cym proces odchudzania. Stosowany w po\u0142\u0105czeniu ze bilansowan\u0105 diet\u0105 i zdrowym trybem \u017cycia, pomaga zrzuci\u0107 zb\u0119dne kilogramy. Dzia\u0142anie i sk\u0142ad Kaplanex posiada kompozycj\u0119 sk\u0142adnik\u00f3w, kt\u00f3re s\u0105 w pe\u0142ni bezpieczne dla organizmu. W jego sk\u0142adzie znajdziemy mi\u0119dzy innymi synefryn\u0119 otrzymywan\u0105 z gorzkiej pomara\u0144czy czy kapsaicyn\u0119 odpowiedzialn\u0105 za ostry smak chili. Takie [&hellip;]","og_url":"https:\/\/asdieta.com\/hu\/kaplanex\/","og_site_name":"As Dieta","article_published_time":"2023-03-09T16:17:08+00:00","og_image":[{"width":371,"height":373,"url":"https:\/\/asdieta.com\/wp-content\/uploads\/2017\/08\/588-1.jpg","type":"image\/jpeg"}],"author":"Ania","twitter_card":"summary_large_image","twitter_misc":{"Written by":"Ania","Est. reading time":"6 perc"},"schema":{"@context":"https:\/\/schema.org","@graph":[{"@type":"Article","@id":"https:\/\/asdieta.com\/kaplanex\/#article","isPartOf":{"@id":"https:\/\/asdieta.com\/sl\/kaplanex\/"},"author":{"name":"Ania","@id":"https:\/\/asdieta.com\/et\/#\/schema\/person\/9055320e1699dfc52e959a80e3b32edf"},"headline":"Kaplanex &#8211; skuteczne wsparcie w odchudzaniu","datePublished":"2023-03-09T16:17:08+00:00","mainEntityOfPage":{"@id":"https:\/\/asdieta.com\/sl\/kaplanex\/"},"wordCount":1124,"commentCount":0,"publisher":{"@id":"https:\/\/asdieta.com\/et\/#organization"},"image":{"@id":"https:\/\/asdieta.com\/kaplanex\/#primaryimage"},"thumbnailUrl":"https:\/\/asdieta.com\/wp-content\/uploads\/2017\/08\/588-1.jpg","articleSection":["Recenzje"],"inLanguage":"hu","potentialAction":[{"@type":"CommentAction","name":"Comment","target":["https:\/\/asdieta.com\/kaplanex\/#respond"]}]},{"@type":"WebPage","@id":"https:\/\/asdieta.com\/sl\/kaplanex\/","url":"https:\/\/asdieta.com\/kaplanex\/","name":"Kaplanex - hat\u00e9kony fogy\u00f3k\u00far\u00e1s t\u00e1mogat\u00e1s - Ace Diet","isPartOf":{"@id":"https:\/\/asdieta.com\/et\/#website"},"primaryImageOfPage":{"@id":"https:\/\/asdieta.com\/kaplanex\/#primaryimage"},"image":{"@id":"https:\/\/asdieta.com\/kaplanex\/#primaryimage"},"thumbnailUrl":"https:\/\/asdieta.com\/wp-content\/uploads\/2017\/08\/588-1.jpg","datePublished":"2023-03-09T16:17:08+00:00","breadcrumb":{"@id":"https:\/\/asdieta.com\/kaplanex\/#breadcrumb"},"inLanguage":"hu","potentialAction":[{"@type":"ReadAction","target":["https:\/\/asdieta.com\/kaplanex\/"]}]},{"@type":"ImageObject","inLanguage":"hu","@id":"https:\/\/asdieta.com\/kaplanex\/#primaryimage","url":"https:\/\/asdieta.com\/wp-content\/uploads\/2017\/08\/588-1.jpg","contentUrl":"https:\/\/asdieta.com\/wp-content\/uploads\/2017\/08\/588-1.jpg","width":371,"height":373},{"@type":"BreadcrumbList","@id":"https:\/\/asdieta.com\/kaplanex\/#breadcrumb","itemListElement":[{"@type":"ListItem","position":1,"name":"Strona g\u0142\u00f3wna","item":"https:\/\/asdieta.com\/et\/"},{"@type":"ListItem","position":2,"name":"Kaplanex &#8211; skuteczne wsparcie w odchudzaniu"}]},{"@type":"WebSite","@id":"https:\/\/asdieta.com\/et\/#website","url":"https:\/\/asdieta.com\/et\/","name":"Mint di\u00e9ta","description":"Egy blog az eg\u00e9szs\u00e9ges \u00e9letm\u00f3dr\u00f3l.","publisher":{"@id":"https:\/\/asdieta.com\/et\/#organization"},"potentialAction":[{"@type":"SearchAction","target":{"@type":"EntryPoint","urlTemplate":"https:\/\/asdieta.com\/et\/?s={search_term_string}"},"query-input":{"@type":"PropertyValueSpecification","valueRequired":true,"valueName":"search_term_string"}}],"inLanguage":"hu"},{"@type":"Organization","@id":"https:\/\/asdieta.com\/et\/#organization","name":"Mint di\u00e9ta","url":"https:\/\/asdieta.com\/et\/","logo":{"@type":"ImageObject","inLanguage":"hu","@id":"https:\/\/asdieta.com\/et\/#\/schema\/logo\/image\/","url":"https:\/\/asdieta.com\/wp-content\/uploads\/2021\/11\/cropped-cover-1.png","contentUrl":"https:\/\/asdieta.com\/wp-content\/uploads\/2021\/11\/cropped-cover-1.png","width":3500,"height":1167,"caption":"As Dieta"},"image":{"@id":"https:\/\/asdieta.com\/et\/#\/schema\/logo\/image\/"}},{"@type":"Person","@id":"https:\/\/asdieta.com\/et\/#\/schema\/person\/9055320e1699dfc52e959a80e3b32edf","name":"Ania","image":{"@type":"ImageObject","inLanguage":"hu","@id":"https:\/\/asdieta.com\/wp-content\/uploads\/2019\/09\/jonnelle-yankovich-lBWOnjLl9h4-unsplash-110x110.jpg","url":"https:\/\/asdieta.com\/wp-content\/uploads\/2019\/09\/jonnelle-yankovich-lBWOnjLl9h4-unsplash-110x110.jpg","contentUrl":"https:\/\/asdieta.com\/wp-content\/uploads\/2019\/09\/jonnelle-yankovich-lBWOnjLl9h4-unsplash-110x110.jpg","caption":"Ania"},"description":"Az eg\u00e9szs\u00e9ges \u00e9letm\u00f3d \u00e9s a hat\u00e9kony fogy\u00e1s h\u00edve :)","url":"https:\/\/asdieta.com\/hu\/author\/admin\/"}]}},"multi-rating":{"mr_rating_results":[{"adjusted_star_result":5,"star_result":5,"total_max_option_value":5,"adjusted_score_result":5,"score_result":5,"percentage_result":100,"adjusted_percentage_result":100,"count":2,"post_id":48}]},"_links":{"self":[{"href":"https:\/\/asdieta.com\/hu\/wp-json\/wp\/v2\/posts\/48","targetHints":{"allow":["GET"]}}],"collection":[{"href":"https:\/\/asdieta.com\/hu\/wp-json\/wp\/v2\/posts"}],"about":[{"href":"https:\/\/asdieta.com\/hu\/wp-json\/wp\/v2\/types\/post"}],"author":[{"embeddable":true,"href":"https:\/\/asdieta.com\/hu\/wp-json\/wp\/v2\/users\/1"}],"replies":[{"embeddable":true,"href":"https:\/\/asdieta.com\/hu\/wp-json\/wp\/v2\/comments?post=48"}],"version-history":[{"count":14,"href":"https:\/\/asdieta.com\/hu\/wp-json\/wp\/v2\/posts\/48\/revisions"}],"predecessor-version":[{"id":4477,"href":"https:\/\/asdieta.com\/hu\/wp-json\/wp\/v2\/posts\/48\/revisions\/4477"}],"wp:featuredmedia":[{"embeddable":true,"href":"https:\/\/asdieta.com\/hu\/wp-json\/wp\/v2\/media\/49"}],"wp:attachment":[{"href":"https:\/\/asdieta.com\/hu\/wp-json\/wp\/v2\/media?parent=48"}],"wp:term":[{"taxonomy":"category","embeddable":true,"href":"https:\/\/asdieta.com\/hu\/wp-json\/wp\/v2\/categories?post=48"},{"taxonomy":"post_tag","embeddable":true,"href":"https:\/\/asdieta.com\/hu\/wp-json\/wp\/v2\/tags?post=48"}],"curies":[{"name":"wp","href":"https:\/\/api.w.org\/{rel}","templated":true}]}}