{"id":4502,"date":"2026-03-09T17:12:56","date_gmt":"2026-03-09T17:12:56","guid":{"rendered":"https:\/\/asdieta.com\/?p=4502"},"modified":"2026-03-29T09:58:18","modified_gmt":"2026-03-29T09:58:18","slug":"czarnuszka-na-odchudzanie","status":"publish","type":"post","link":"https:\/\/asdieta.com\/hu\/nigella-for-weight-loss\/","title":{"rendered":"Fekete ribizli a fogy\u00e1s\u00e9rt"},"content":{"rendered":"<p>A Nigella, m\u00e1s n\u00e9ven Nigella sativa a bogl\u00e1rkaf\u00e9l\u00e9k csal\u00e1dj\u00e1ba tartoz\u00f3, D\u00e9lnyugat-\u00c1zsi\u00e1ban \u00e9s K\u00f6z\u00e9p-Eur\u00f3p\u00e1ban \u0151shonos n\u00f6v\u00e9ny. \u00c9vsz\u00e1zadok \u00f3ta haszn\u00e1lj\u00e1k a term\u00e9szetgy\u00f3gy\u00e1szatban, \u00e9s a k\u00f6zelm\u00faltban n\u00e9pszer\u0171v\u00e9 v\u00e1lt fogy\u00f3k\u00far\u00e1s seg\u00e9deszk\u00f6zk\u00e9nt. Ebben a cikkben a k\u00f6m\u00e9nyolaj \u00e9s a nigellamagok fogy\u00e1sra gyakorolt hat\u00e1sait fogom t\u00e1rgyalni.<\/p>\n\n\n\n<p><strong>Fekete k\u00f6m\u00e9nyolaj<\/strong><\/p>\n\n\n\n<p>A nigellaolaj gazdag t\u00e1panyagokban, t\u00f6bbek k\u00f6z\u00f6tt tel\u00edtetlen zs\u00edrsavakban, vitaminokban, \u00e1sv\u00e1nyi anyagokban \u00e9s antioxid\u00e1nsokban. Tanulm\u00e1nyok kimutatt\u00e1k, hogy a nigellaolaj pozit\u00edv hat\u00e1ssal lehet a fogy\u00e1sra. Egy patk\u00e1nyokon v\u00e9gzett vizsg\u00e1latban, amelyek k\u00f6m\u00e9nyolajat kaptak \u00e9trend-kieg\u00e9sz\u00edt\u0151k\u00e9nt, a tests\u00faly \u00e9s a testzs\u00edrszint cs\u00f6kken\u00e9s\u00e9t tapasztalt\u00e1k. Ezek az eredm\u00e9nyek arra utalnak, hogy a feketek\u00f6m\u00e9nyolaj hat\u00e1ssal lehet a zs\u00edranyagcser\u00e9re \u00e9s seg\u00edthet a fogy\u00e1sban.<\/p>\n\n\n\n<div class=\"wp-block-image\"><figure class=\"aligncenter size-full is-resized\"><img loading=\"lazy\" decoding=\"async\" src=\"https:\/\/asdieta.com\/wp-content\/uploads\/2023\/03\/czarnuszka-na-odchudzanie-2.jpg\" alt=\"Fekete ribizli a fogy\u00e1s\u00e9rt\" class=\"wp-image-4506\" width=\"451\" height=\"301\" srcset=\"https:\/\/asdieta.com\/wp-content\/uploads\/2023\/03\/czarnuszka-na-odchudzanie-2.jpg 640w, https:\/\/asdieta.com\/wp-content\/uploads\/2023\/03\/czarnuszka-na-odchudzanie-2-300x200.jpg 300w, https:\/\/asdieta.com\/wp-content\/uploads\/2023\/03\/czarnuszka-na-odchudzanie-2-18x12.jpg 18w, https:\/\/asdieta.com\/wp-content\/uploads\/2023\/03\/czarnuszka-na-odchudzanie-2-110x73.jpg 110w, https:\/\/asdieta.com\/wp-content\/uploads\/2023\/03\/czarnuszka-na-odchudzanie-2-420x280.jpg 420w\" sizes=\"auto, (max-width: 451px) 100vw, 451px\" \/><\/figure><\/div>\n\n\n\n<p>A fekete k\u00f6m\u00e9nyolaj seg\u00edthet a koleszterinszint cs\u00f6kkent\u00e9s\u00e9ben is. Tanulm\u00e1nyok kimutatt\u00e1k, hogy a feketek\u00f6m\u00e9nyolajjal val\u00f3 kieg\u00e9sz\u00edt\u00e9s seg\u00edthet az LDL-koleszterin (rossz koleszterin) cs\u00f6kkent\u00e9s\u00e9ben \u00e9s a HDL-koleszterin (j\u00f3 koleszterin) n\u00f6vel\u00e9s\u00e9ben. Az LDL-koleszterinszint cs\u00f6kkent\u00e9se seg\u00edthet cs\u00f6kkenteni a sz\u00edv- \u00e9s \u00e9rrendszeri betegs\u00e9gek kock\u00e1zat\u00e1t, amely \u00f6sszef\u00fcgg az elh\u00edz\u00e1ssal.<\/p>\n\n\n\n<p>A nigellaolaj gyullad\u00e1scs\u00f6kkent\u0151 \u00e9s antioxid\u00e1ns tulajdons\u00e1gokkal is rendelkezik, ami seg\u00edthet az elh\u00edz\u00e1ssal j\u00e1r\u00f3 gyullad\u00e1sok cs\u00f6kkent\u00e9s\u00e9ben. Tanulm\u00e1nyok kimutatt\u00e1k, hogy a nigellaolaj seg\u00edthet cs\u00f6kkenteni az oxidat\u00edv stresszt, amely \u00f6sszef\u00fcgg\u00e9sbe hozhat\u00f3 az anyagcsere-betegs\u00e9gekkel.<\/p>\n\n\n\n<p><strong>Fekete k\u00f6m\u00e9nymag<\/strong><\/p>\n\n\n\n<p>A nigellamag, ak\u00e1rcsak a nigellaolaj, gazdag t\u00e1panyagokban, t\u00f6bbek k\u00f6z\u00f6tt rostokban, feh\u00e9rj\u00e9ben, sz\u00e9nhidr\u00e1tokban, vitaminokban \u00e9s \u00e1sv\u00e1nyi anyagokban. Tanulm\u00e1nyok kimutatt\u00e1k, hogy a nigellamagok fogyaszt\u00e1sa seg\u00edthet a tests\u00faly \u00e9s a testzs\u00edr cs\u00f6kkent\u00e9s\u00e9ben.<\/p>\n\n\n\n<p>Egy t\u00fals\u00falyos n\u0151k\u00f6n v\u00e9gzett vizsg\u00e1lat, akik \u00e9trend-kieg\u00e9sz\u00edt\u0151k\u00e9nt fogyasztottak nigellamagot, nyolc h\u00e9t szed\u00e9st k\u00f6vet\u0151en a tests\u00faly \u00e9s a testzs\u00edrszint cs\u00f6kken\u00e9s\u00e9t tapasztalta. Emellett a nigellamag fogyaszt\u00e1sa seg\u00edthet az \u00e9tv\u00e1gy cs\u00f6kkent\u00e9s\u00e9ben, ami hozz\u00e1j\u00e1rulhat az el\u0151z\u0151 mondathoz, ami seg\u00edthet a kal\u00f3riabevitel cs\u00f6kkent\u00e9s\u00e9ben \u00e9s a fogy\u00e1s felgyors\u00edt\u00e1s\u00e1ban.<\/p>\n\n\n\n<div class=\"wp-block-image\"><figure class=\"aligncenter size-full is-resized\"><img loading=\"lazy\" decoding=\"async\" src=\"https:\/\/asdieta.com\/wp-content\/uploads\/2023\/03\/czarnuszka-na-odchudzanie-3.jpg\" alt=\"nigella olaj fogy\u00e1s 2023\" class=\"wp-image-4503\" width=\"535\" height=\"357\" srcset=\"https:\/\/asdieta.com\/wp-content\/uploads\/2023\/03\/czarnuszka-na-odchudzanie-3.jpg 640w, https:\/\/asdieta.com\/wp-content\/uploads\/2023\/03\/czarnuszka-na-odchudzanie-3-300x200.jpg 300w, https:\/\/asdieta.com\/wp-content\/uploads\/2023\/03\/czarnuszka-na-odchudzanie-3-18x12.jpg 18w, https:\/\/asdieta.com\/wp-content\/uploads\/2023\/03\/czarnuszka-na-odchudzanie-3-110x73.jpg 110w, https:\/\/asdieta.com\/wp-content\/uploads\/2023\/03\/czarnuszka-na-odchudzanie-3-420x280.jpg 420w\" sizes=\"auto, (max-width: 535px) 100vw, 535px\" \/><\/figure><\/div>\n\n\n\n<p>A Nigella magok seg\u00edthetnek a v\u00e9rcukorszint cs\u00f6kkent\u00e9s\u00e9ben is. Tanulm\u00e1nyok kimutatt\u00e1k, hogy a nigellamagok fogyaszt\u00e1sa seg\u00edthet cs\u00f6kkenteni a v\u00e9rcukorszintet a 2-es t\u00edpus\u00fa cukorbetegs\u00e9gben szenved\u0151kn\u00e9l. Ez viszont seg\u00edthet az inzulinszint szab\u00e1lyoz\u00e1s\u00e1ban \u00e9s a hasny\u00e1lmirigy sejtek m\u0171k\u00f6d\u00e9s\u00e9nek jav\u00edt\u00e1s\u00e1ban.<\/p>\n\n\n\n<p>A Nigella magok antioxid\u00e1ns tulajdons\u00e1gokkal is rendelkeznek, amelyek seg\u00edthetnek megel\u0151zni az oxidat\u00edv stresszel \u00f6sszef\u00fcgg\u0151 betegs\u00e9geket, p\u00e9ld\u00e1ul a sz\u00edv- \u00e9s \u00e9rrendszeri betegs\u00e9geket, a Parkinson-k\u00f3rt \u00e9s az Alzheimer-k\u00f3rt.<\/p>\n\n\n\n<\/p>\n<div class=\"wp-block-image\">\n<figure class=\"aligncenter is-resized\"><a target=\"_blank\" rel=\"nofollow\" href=\"https:\/\/asdieta.com\/hu\/goto\/https:\/\/nplink.net\/kz994hjp\/\"><img loading=\"lazy\" decoding=\"async\" class=\"wp-image-3907 aligncenter\" src=\"https:\/\/asdieta.com\/wp-content\/uploads\/2022\/01\/Moringa-Actives-pro-05-1.jpg\" alt=\"\" width=\"461\" height=\"307\" srcset=\"https:\/\/asdieta.com\/wp-content\/uploads\/2022\/01\/Moringa-Actives-pro-05-1.jpg 960w, https:\/\/asdieta.com\/wp-content\/uploads\/2022\/01\/Moringa-Actives-pro-05-1-300x200.jpg 300w, https:\/\/asdieta.com\/wp-content\/uploads\/2022\/01\/Moringa-Actives-pro-05-1-768x512.jpg 768w, https:\/\/asdieta.com\/wp-content\/uploads\/2022\/01\/Moringa-Actives-pro-05-1-18x12.jpg 18w, https:\/\/asdieta.com\/wp-content\/uploads\/2022\/01\/Moringa-Actives-pro-05-1-110x73.jpg 110w, https:\/\/asdieta.com\/wp-content\/uploads\/2022\/01\/Moringa-Actives-pro-05-1-420x280.jpg 420w, https:\/\/asdieta.com\/wp-content\/uploads\/2022\/01\/Moringa-Actives-pro-05-1-645x430.jpg 645w\" sizes=\"auto, (max-width: 461px) 100vw, 461px\" \/><\/a><\/figure>\n<\/div>\n<p>\n\n\n\n<p><strong>\u00d6sszefoglal\u00f3<\/strong><\/p>\n\n\n\n<p>A nigellaolaj \u00e9s a nigellamagok anyagcsere-, gyullad\u00e1scs\u00f6kkent\u0151, antioxid\u00e1ns \u00e9s v\u00e9rcukorszint-szab\u00e1lyoz\u00f3 tulajdons\u00e1gaiknak k\u00f6sz\u00f6nhet\u0151en seg\u00edthetnek a fogy\u00e1sban. Fontos azonban megjegyezni, hogy egyetlen forr\u00e1s sem jelent csodaszert a fogy\u00e1shoz, \u00e9s a legjobb eredm\u00e9nyek el\u00e9r\u00e9s\u00e9hez a megfelel\u0151 \u00e9trenddel \u00e9s fizikai aktivit\u00e1ssal kell kombin\u00e1lni.<\/p>\n\n\n\n<div class=\"wp-block-image\"><figure class=\"aligncenter size-full is-resized\"><img loading=\"lazy\" decoding=\"async\" src=\"https:\/\/asdieta.com\/wp-content\/uploads\/2023\/03\/czarnuszka-na-odchudzanie-4.jpg\" alt=\"nigella magok \u00e9s vir\u00e1gok\" class=\"wp-image-4504\" width=\"448\" height=\"299\" srcset=\"https:\/\/asdieta.com\/wp-content\/uploads\/2023\/03\/czarnuszka-na-odchudzanie-4.jpg 640w, https:\/\/asdieta.com\/wp-content\/uploads\/2023\/03\/czarnuszka-na-odchudzanie-4-300x200.jpg 300w, https:\/\/asdieta.com\/wp-content\/uploads\/2023\/03\/czarnuszka-na-odchudzanie-4-18x12.jpg 18w, https:\/\/asdieta.com\/wp-content\/uploads\/2023\/03\/czarnuszka-na-odchudzanie-4-110x73.jpg 110w, https:\/\/asdieta.com\/wp-content\/uploads\/2023\/03\/czarnuszka-na-odchudzanie-4-420x280.jpg 420w\" sizes=\"auto, (max-width: 448px) 100vw, 448px\" \/><\/figure><\/div>\n\n\n\n<p>Azt is fontos megjegyezni, hogy nem minden t\u00e1pl\u00e1l\u00e9kkieg\u00e9sz\u00edt\u0151 egyforma, \u00e9s hogy csak olyan kiv\u00e1l\u00f3 min\u0151s\u00e9g\u0171 term\u00e9keket v\u00e1lasszon, amelyek biztons\u00e1gosak az eg\u00e9szs\u00e9g\u00e9re n\u00e9zve, \u00e9s k\u00f6vesse az aj\u00e1nlott adagokat.<\/p>\n\n\n\n<p>Miel\u0151tt a k\u00f6m\u00e9nymagolajat vagy a nigellamagot fogy\u00f3k\u00far\u00e1ra haszn\u00e1ln\u00e1, mindig \u00e9rdemes konzult\u00e1lni orvos\u00e1val vagy t\u00e1pl\u00e1lkoz\u00e1si szakemberrel, hogy megbizonyosodjon arr\u00f3l, hogy az eg\u00e9szs\u00e9g\u00e9t nem befoly\u00e1solja h\u00e1tr\u00e1nyosan.<\/p>\n\n\n\n<p>Az ut\u00f3bbi \u00e9vekben sokan \u00e9rdekl\u0151dnek a fogy\u00e1s \u00e9s az eg\u00e9szs\u00e9g\u00fck jav\u00edt\u00e1s\u00e1nak term\u00e9szetes m\u00f3djai ir\u00e1nt. A nigellaolaj \u00e9s a nigellamag k\u00e9t olyan term\u00e9k, amely egyre n\u00e9pszer\u0171bb a fogy\u00e1s term\u00e9szetes m\u00f3djait keres\u0151 emberek k\u00f6r\u00e9ben.<\/p>\n\n\n\n<p>A fekete k\u00f6m\u00e9ny, m\u00e1s n\u00e9ven nigella vagy Nigella sativa, a fut\u00f3musk\u00e1tlif\u00e9l\u00e9k csal\u00e1dj\u00e1ba tartoz\u00f3 n\u00f6v\u00e9ny. A K\u00f6zel-Kelet, \u00c9szak-Afrika \u00e9s K\u00f6z\u00e9p-\u00c1zsia orsz\u00e1gaiban terem. A nigella eg\u00e9szs\u00e9g\u00fcgyi tulajdons\u00e1gai m\u00e1r \u00e9vezredek \u00f3ta ismertek, \u00e9s tudom\u00e1nyos vizsg\u00e1latok is meger\u0151s\u00edtett\u00e9k az eg\u00e9szs\u00e9gre gyakorolt pozit\u00edv hat\u00e1sait.<\/p>\n\n\n\n<p>A Nigellaolajat a fekete k\u00f6m\u00e9nymagb\u00f3l nyerik ki, \u00e9s sz\u00e1mos bioakt\u00edv vegy\u00fcletben, t\u00f6bbek k\u00f6z\u00f6tt tel\u00edtetlen zs\u00edrsavakban, fitoszterolokban \u00e9s flavonoidokban gazdag. Tulajdons\u00e1gainak k\u00f6sz\u00f6nhet\u0151en a nigellaolajat \u00e9vsz\u00e1zadok \u00f3ta haszn\u00e1lj\u00e1k gy\u00f3gy\u00e1szati c\u00e9lokra.<\/p>\n\n\n\n<p>Az egyik f\u0151 oka annak, hogy a feketek\u00f6m\u00e9nyolaj seg\u00edthet a fogy\u00e1sban, az anyagcser\u00e9re gyakorolt hat\u00e1sa. Tanulm\u00e1nyok kimutatt\u00e1k, hogy a nigellaolaj seg\u00edthet az anyagcsere sebess\u00e9g\u00e9nek n\u00f6vel\u00e9s\u00e9ben, ami viszont felgyors\u00edthatja a zs\u00edr\u00e9get\u00e9st \u00e9s cs\u00f6kkentheti a tests\u00falyt.<\/p>\n\n\n\n<p>A feketek\u00f6m\u00e9nyolaj seg\u00edthet cs\u00f6kkenteni a gyullad\u00e1st a szervezetben. A gyullad\u00e1st olyan kr\u00f3nikus betegs\u00e9gekkel hozz\u00e1k \u00f6sszef\u00fcgg\u00e9sbe, mint a sz\u00edvbetegs\u00e9g, a cukorbetegs\u00e9g, az autoimmun betegs\u00e9gek \u00e9s sok m\u00e1s betegs\u00e9g. Tanulm\u00e1nyok kimutatt\u00e1k, hogy a fekete k\u00f6m\u00e9nyolaj seg\u00edthet a gyullad\u00e1s cs\u00f6kkent\u00e9s\u00e9ben az\u00e1ltal, hogy n\u00f6veli a szervezet antioxid\u00e1ns szintj\u00e9t \u00e9s cs\u00f6kkenti a gyullad\u00e1sos citokinek aktivit\u00e1s\u00e1t.<\/p>\n\n\n\n<p>A fogy\u00e1s sor\u00e1n az egyik legnagyobb kih\u00edv\u00e1s az \u00e9tv\u00e1gy kontroll\u00e1l\u00e1sa \u00e9s a kal\u00f3riabevitel cs\u00f6kkent\u00e9se. A feketek\u00f6m\u00e9nyolaj seg\u00edthet az \u00e9tv\u00e1gy cs\u00f6kkent\u00e9s\u00e9ben \u00e9s a j\u00f3llakotts\u00e1g \u00e9rz\u00e9s\u00e9nek n\u00f6vel\u00e9s\u00e9ben. Tanulm\u00e1nyok kimutatt\u00e1k, hogy a nigellaolaj seg\u00edthet a kal\u00f3riabevitel cs\u00f6kkent\u00e9s\u00e9ben az\u00e1ltal, hogy befoly\u00e1solja az opioid receptorok aktivit\u00e1s\u00e1t az agyban.<\/p>\n\n\n\n<\/p>\n<div class=\"wp-block-image\">\n<figure class=\"aligncenter is-resized\"><a target=\"_blank\" rel=\"nofollow\" href=\"https:\/\/asdieta.com\/hu\/goto\/https:\/\/nplink.net\/kz994hjp\/\"><img loading=\"lazy\" decoding=\"async\" class=\"wp-image-3907 aligncenter\" src=\"https:\/\/asdieta.com\/wp-content\/uploads\/2022\/01\/Moringa-Actives-pro-05-1.jpg\" alt=\"\" width=\"461\" height=\"307\" srcset=\"https:\/\/asdieta.com\/wp-content\/uploads\/2022\/01\/Moringa-Actives-pro-05-1.jpg 960w, https:\/\/asdieta.com\/wp-content\/uploads\/2022\/01\/Moringa-Actives-pro-05-1-300x200.jpg 300w, https:\/\/asdieta.com\/wp-content\/uploads\/2022\/01\/Moringa-Actives-pro-05-1-768x512.jpg 768w, https:\/\/asdieta.com\/wp-content\/uploads\/2022\/01\/Moringa-Actives-pro-05-1-18x12.jpg 18w, https:\/\/asdieta.com\/wp-content\/uploads\/2022\/01\/Moringa-Actives-pro-05-1-110x73.jpg 110w, https:\/\/asdieta.com\/wp-content\/uploads\/2022\/01\/Moringa-Actives-pro-05-1-420x280.jpg 420w, https:\/\/asdieta.com\/wp-content\/uploads\/2022\/01\/Moringa-Actives-pro-05-1-645x430.jpg 645w\" sizes=\"auto, (max-width: 461px) 100vw, 461px\" \/><\/a><\/figure>\n<\/div>\n<p>\n\n\n\n<p>A nigellaolaj mellett a nigellamagot gy\u00f3gy\u00e1szati \u00e9s fogy\u00f3k\u00far\u00e1s c\u00e9lokra is haszn\u00e1lj\u00e1k. A nigellamag feh\u00e9rj\u00e9ben, rostokban, vitaminokban \u00e9s \u00e1sv\u00e1nyi anyagokban gazdag. Seg\u00edthetnek megel\u0151zni a hasmen\u00e9st \u00e9s a sz\u00e9kreked\u00e9st, ami gyakori probl\u00e9ma a fogy\u00e1s sor\u00e1n. <a href=\"https:\/\/asdieta.com\/hu\/tabletki-na-odchudzanie\/\">Aj\u00e1nlott fogy\u00e1s tablett\u00e1k<\/a> - csekk.<\/p>\n\n\n\n<p>A leg\u00fajabb tanulm\u00e1nyok szerint a nigella seg\u00edthet a fogy\u00e1sban az\u00e1ltal, hogy befoly\u00e1solja a tests\u00falycs\u00f6kken\u00e9st, cs\u00f6kkenti a testzs\u00edrt \u00e9s szab\u00e1lyozza a v\u00e9rcukorszintet. A nigella hat\u00f3anyagai, mint p\u00e9ld\u00e1ul a timokinon \u00e9s a linolsav, bizony\u00edtottan antioxid\u00e1ns \u00e9s gyullad\u00e1scs\u00f6kkent\u0151 tulajdons\u00e1gokkal rendelkeznek, amelyek seg\u00edthetnek cs\u00f6kkenteni a gyullad\u00e1st a szervezetben, ami gyakran \u00f6sszef\u00fcgg a t\u00fals\u00fallyal \u00e9s az elh\u00edz\u00e1ssal.<\/p>\n\n\n\n<p>A Nigella seg\u00edthet az eg\u00e9szs\u00e9ges koleszterin- \u00e9s v\u00e9rnyom\u00e1sszint fenntart\u00e1s\u00e1ban is, ami cs\u00f6kkentheti a sz\u00edvbetegs\u00e9gek kock\u00e1zat\u00e1t, ami gyakran \u00f6sszef\u00fcgg az elh\u00edz\u00e1ssal.<\/p>\n\n\n\n<p>\u00d6sszefoglalva, b\u00e1r a nigella fogy\u00e1sra gyakorolt hat\u00e1sainak kutat\u00e1sa m\u00e9g korai st\u00e1diumban van, a jelenlegi eredm\u00e9nyek arra utalnak, hogy a nigella hasznos lehet a tests\u00falycs\u00f6kkent\u00e9sben \u00e9s az \u00e1ltal\u00e1nos eg\u00e9szs\u00e9gi \u00e1llapot jav\u00edt\u00e1s\u00e1ban. Azonban konzult\u00e1ljon orvos\u00e1val vagy t\u00e1pl\u00e1lkoz\u00e1si szakemberrel, miel\u0151tt b\u00e1rmilyen, az eg\u00e9szs\u00e9g\u00e9t \u00e9rint\u0151 d\u00f6nt\u00e9st hozna.<\/p>","protected":false},"excerpt":{"rendered":"<p>Czarnuszka, znana r\u00f3wnie\u017c jako Nigella sativa, to ro\u015blina z rodziny jaskrowatych, pochodz\u0105ca z po\u0142udniowo-zachodniej Azji i Europy \u015arodkowej. W medycynie naturalnej stosowana jest od wiek\u00f3w, a ostatnio zyska\u0142a popularno\u015b\u0107 jako \u015brodek wspomagaj\u0105cy odchudzanie. W artykule om\u00f3wi\u0119 wp\u0142yw oleju z czarnuszki oraz ziaren czarnuszki na proces odchudzania. Olej z czarnuszki Olej z czarnuszki jest bogaty w [&hellip;]<\/p>\n","protected":false},"author":1,"featured_media":4505,"comment_status":"open","ping_status":"open","sticky":false,"template":"","format":"standard","meta":{"rating_form_position":"","rating_results_position":"","mr_structured_data_type":"","footnotes":""},"categories":[4],"tags":[],"class_list":["post-4502","post","type-post","status-publish","format-standard","has-post-thumbnail","hentry","category-diets"],"yoast_head":"<!-- This site is optimized with the Yoast SEO plugin v27.2 - https:\/\/yoast.com\/product\/yoast-seo-wordpress\/ -->\n<title>Czarnuszka na odchudzanie - As Dieta<\/title>\n<meta name=\"robots\" content=\"index, follow, max-snippet:-1, max-image-preview:large, max-video-preview:-1\" \/>\n<link rel=\"canonical\" href=\"https:\/\/asdieta.com\/hu\/nigella-voor-gewichtsverlies\/\" \/>\n<meta property=\"og:locale\" content=\"hu_HU\" \/>\n<meta property=\"og:type\" content=\"article\" \/>\n<meta property=\"og:title\" content=\"Czarnuszka na odchudzanie - As Dieta\" \/>\n<meta property=\"og:description\" content=\"Czarnuszka, znana r\u00f3wnie\u017c jako Nigella sativa, to ro\u015blina z rodziny jaskrowatych, pochodz\u0105ca z po\u0142udniowo-zachodniej Azji i Europy \u015arodkowej. W medycynie naturalnej stosowana jest od wiek\u00f3w, a ostatnio zyska\u0142a popularno\u015b\u0107 jako \u015brodek wspomagaj\u0105cy odchudzanie. W artykule om\u00f3wi\u0119 wp\u0142yw oleju z czarnuszki oraz ziaren czarnuszki na proces odchudzania. Olej z czarnuszki Olej z czarnuszki jest bogaty w [&hellip;]\" \/>\n<meta property=\"og:url\" content=\"https:\/\/asdieta.com\/hu\/nigella-voor-gewichtsverlies\/\" \/>\n<meta property=\"og:site_name\" content=\"As Dieta\" \/>\n<meta property=\"article:published_time\" content=\"2026-03-09T17:12:56+00:00\" \/>\n<meta property=\"article:modified_time\" content=\"2026-03-29T09:58:18+00:00\" \/>\n<meta property=\"og:image\" content=\"https:\/\/asdieta.com\/wp-content\/uploads\/2023\/03\/czarnuszka-na-odchudzanie-1.jpg\" \/>\n\t<meta property=\"og:image:width\" content=\"640\" \/>\n\t<meta property=\"og:image:height\" content=\"427\" \/>\n\t<meta property=\"og:image:type\" content=\"image\/jpeg\" \/>\n<meta name=\"author\" content=\"Ania\" \/>\n<meta name=\"twitter:card\" content=\"summary_large_image\" \/>\n<meta name=\"twitter:label1\" content=\"Written by\" \/>\n\t<meta name=\"twitter:data1\" content=\"Ania\" \/>\n\t<meta name=\"twitter:label2\" content=\"Est. reading time\" \/>\n\t<meta name=\"twitter:data2\" content=\"6 perc\" \/>\n<script type=\"application\/ld+json\" class=\"yoast-schema-graph\">{\"@context\":\"https:\/\/schema.org\",\"@graph\":[{\"@type\":\"Article\",\"@id\":\"https:\/\/asdieta.com\/nl\/nigella-voor-gewichtsverlies\/#article\",\"isPartOf\":{\"@id\":\"https:\/\/asdieta.com\/nl\/nigella-voor-gewichtsverlies\/\"},\"author\":{\"name\":\"Ania\",\"@id\":\"https:\/\/asdieta.com\/et\/#\/schema\/person\/9055320e1699dfc52e959a80e3b32edf\"},\"headline\":\"Czarnuszka na odchudzanie\",\"datePublished\":\"2026-03-09T17:12:56+00:00\",\"dateModified\":\"2026-03-29T09:58:18+00:00\",\"mainEntityOfPage\":{\"@id\":\"https:\/\/asdieta.com\/nl\/nigella-voor-gewichtsverlies\/\"},\"wordCount\":1139,\"commentCount\":0,\"publisher\":{\"@id\":\"https:\/\/asdieta.com\/et\/#organization\"},\"image\":{\"@id\":\"https:\/\/asdieta.com\/nl\/nigella-voor-gewichtsverlies\/#primaryimage\"},\"thumbnailUrl\":\"https:\/\/asdieta.com\/wp-content\/uploads\/2023\/03\/czarnuszka-na-odchudzanie-1.jpg\",\"articleSection\":[\"Dieta\"],\"inLanguage\":\"hu\",\"potentialAction\":[{\"@type\":\"CommentAction\",\"name\":\"Comment\",\"target\":[\"https:\/\/asdieta.com\/nl\/nigella-voor-gewichtsverlies\/#respond\"]}]},{\"@type\":\"WebPage\",\"@id\":\"https:\/\/asdieta.com\/nl\/nigella-voor-gewichtsverlies\/\",\"url\":\"https:\/\/asdieta.com\/nl\/nigella-voor-gewichtsverlies\/\",\"name\":\"Czarnuszka na odchudzanie - As Dieta\",\"isPartOf\":{\"@id\":\"https:\/\/asdieta.com\/et\/#website\"},\"primaryImageOfPage\":{\"@id\":\"https:\/\/asdieta.com\/nl\/nigella-voor-gewichtsverlies\/#primaryimage\"},\"image\":{\"@id\":\"https:\/\/asdieta.com\/nl\/nigella-voor-gewichtsverlies\/#primaryimage\"},\"thumbnailUrl\":\"https:\/\/asdieta.com\/wp-content\/uploads\/2023\/03\/czarnuszka-na-odchudzanie-1.jpg\",\"datePublished\":\"2026-03-09T17:12:56+00:00\",\"dateModified\":\"2026-03-29T09:58:18+00:00\",\"breadcrumb\":{\"@id\":\"https:\/\/asdieta.com\/nl\/nigella-voor-gewichtsverlies\/#breadcrumb\"},\"inLanguage\":\"hu\",\"potentialAction\":[{\"@type\":\"ReadAction\",\"target\":[\"https:\/\/asdieta.com\/nl\/nigella-voor-gewichtsverlies\/\"]}]},{\"@type\":\"ImageObject\",\"inLanguage\":\"hu\",\"@id\":\"https:\/\/asdieta.com\/nl\/nigella-voor-gewichtsverlies\/#primaryimage\",\"url\":\"https:\/\/asdieta.com\/wp-content\/uploads\/2023\/03\/czarnuszka-na-odchudzanie-1.jpg\",\"contentUrl\":\"https:\/\/asdieta.com\/wp-content\/uploads\/2023\/03\/czarnuszka-na-odchudzanie-1.jpg\",\"width\":640,\"height\":427},{\"@type\":\"BreadcrumbList\",\"@id\":\"https:\/\/asdieta.com\/nl\/nigella-voor-gewichtsverlies\/#breadcrumb\",\"itemListElement\":[{\"@type\":\"ListItem\",\"position\":1,\"name\":\"Strona g\u0142\u00f3wna\",\"item\":\"https:\/\/asdieta.com\/et\/\"},{\"@type\":\"ListItem\",\"position\":2,\"name\":\"Czarnuszka na odchudzanie\"}]},{\"@type\":\"WebSite\",\"@id\":\"https:\/\/asdieta.com\/et\/#website\",\"url\":\"https:\/\/asdieta.com\/et\/\",\"name\":\"As Dieta\",\"description\":\"Blog o zdrowym trybie \u017cycia.\",\"publisher\":{\"@id\":\"https:\/\/asdieta.com\/et\/#organization\"},\"potentialAction\":[{\"@type\":\"SearchAction\",\"target\":{\"@type\":\"EntryPoint\",\"urlTemplate\":\"https:\/\/asdieta.com\/et\/?s={search_term_string}\"},\"query-input\":{\"@type\":\"PropertyValueSpecification\",\"valueRequired\":true,\"valueName\":\"search_term_string\"}}],\"inLanguage\":\"hu\"},{\"@type\":\"Organization\",\"@id\":\"https:\/\/asdieta.com\/et\/#organization\",\"name\":\"As Dieta\",\"url\":\"https:\/\/asdieta.com\/et\/\",\"logo\":{\"@type\":\"ImageObject\",\"inLanguage\":\"hu\",\"@id\":\"https:\/\/asdieta.com\/et\/#\/schema\/logo\/image\/\",\"url\":\"https:\/\/asdieta.com\/wp-content\/uploads\/2021\/11\/cropped-cover-1.png\",\"contentUrl\":\"https:\/\/asdieta.com\/wp-content\/uploads\/2021\/11\/cropped-cover-1.png\",\"width\":3500,\"height\":1167,\"caption\":\"As Dieta\"},\"image\":{\"@id\":\"https:\/\/asdieta.com\/et\/#\/schema\/logo\/image\/\"}},{\"@type\":\"Person\",\"@id\":\"https:\/\/asdieta.com\/et\/#\/schema\/person\/9055320e1699dfc52e959a80e3b32edf\",\"name\":\"Ania\",\"image\":{\"@type\":\"ImageObject\",\"inLanguage\":\"hu\",\"@id\":\"https:\/\/asdieta.com\/wp-content\/uploads\/2019\/09\/jonnelle-yankovich-lBWOnjLl9h4-unsplash-110x110.jpg\",\"url\":\"https:\/\/asdieta.com\/wp-content\/uploads\/2019\/09\/jonnelle-yankovich-lBWOnjLl9h4-unsplash-110x110.jpg\",\"contentUrl\":\"https:\/\/asdieta.com\/wp-content\/uploads\/2019\/09\/jonnelle-yankovich-lBWOnjLl9h4-unsplash-110x110.jpg\",\"caption\":\"Ania\"},\"description\":\"Entuzjastka zdrowego trybu \u017cycia i skutecznego odchudzania :)\",\"url\":\"https:\/\/asdieta.com\/hu\/author\/admin\/\"}]}<\/script>\n<!-- \/ Yoast SEO plugin. -->","yoast_head_json":{"title":"Fekete ribizli a fogy\u00e1shoz - Ace Diet","robots":{"index":"index","follow":"follow","max-snippet":"max-snippet:-1","max-image-preview":"max-image-preview:large","max-video-preview":"max-video-preview:-1"},"canonical":"https:\/\/asdieta.com\/hu\/nigella-voor-gewichtsverlies\/","og_locale":"hu_HU","og_type":"article","og_title":"Czarnuszka na odchudzanie - As Dieta","og_description":"Czarnuszka, znana r\u00f3wnie\u017c jako Nigella sativa, to ro\u015blina z rodziny jaskrowatych, pochodz\u0105ca z po\u0142udniowo-zachodniej Azji i Europy \u015arodkowej. W medycynie naturalnej stosowana jest od wiek\u00f3w, a ostatnio zyska\u0142a popularno\u015b\u0107 jako \u015brodek wspomagaj\u0105cy odchudzanie. W artykule om\u00f3wi\u0119 wp\u0142yw oleju z czarnuszki oraz ziaren czarnuszki na proces odchudzania. Olej z czarnuszki Olej z czarnuszki jest bogaty w [&hellip;]","og_url":"https:\/\/asdieta.com\/hu\/nigella-voor-gewichtsverlies\/","og_site_name":"As Dieta","article_published_time":"2026-03-09T17:12:56+00:00","article_modified_time":"2026-03-29T09:58:18+00:00","og_image":[{"width":640,"height":427,"url":"https:\/\/asdieta.com\/wp-content\/uploads\/2023\/03\/czarnuszka-na-odchudzanie-1.jpg","type":"image\/jpeg"}],"author":"Ania","twitter_card":"summary_large_image","twitter_misc":{"Written by":"Ania","Est. reading time":"6 perc"},"schema":{"@context":"https:\/\/schema.org","@graph":[{"@type":"Article","@id":"https:\/\/asdieta.com\/nl\/nigella-voor-gewichtsverlies\/#article","isPartOf":{"@id":"https:\/\/asdieta.com\/nl\/nigella-voor-gewichtsverlies\/"},"author":{"name":"Ania","@id":"https:\/\/asdieta.com\/et\/#\/schema\/person\/9055320e1699dfc52e959a80e3b32edf"},"headline":"Czarnuszka na odchudzanie","datePublished":"2026-03-09T17:12:56+00:00","dateModified":"2026-03-29T09:58:18+00:00","mainEntityOfPage":{"@id":"https:\/\/asdieta.com\/nl\/nigella-voor-gewichtsverlies\/"},"wordCount":1139,"commentCount":0,"publisher":{"@id":"https:\/\/asdieta.com\/et\/#organization"},"image":{"@id":"https:\/\/asdieta.com\/nl\/nigella-voor-gewichtsverlies\/#primaryimage"},"thumbnailUrl":"https:\/\/asdieta.com\/wp-content\/uploads\/2023\/03\/czarnuszka-na-odchudzanie-1.jpg","articleSection":["Dieta"],"inLanguage":"hu","potentialAction":[{"@type":"CommentAction","name":"Comment","target":["https:\/\/asdieta.com\/nl\/nigella-voor-gewichtsverlies\/#respond"]}]},{"@type":"WebPage","@id":"https:\/\/asdieta.com\/nl\/nigella-voor-gewichtsverlies\/","url":"https:\/\/asdieta.com\/nl\/nigella-voor-gewichtsverlies\/","name":"Fekete ribizli a fogy\u00e1shoz - Ace Diet","isPartOf":{"@id":"https:\/\/asdieta.com\/et\/#website"},"primaryImageOfPage":{"@id":"https:\/\/asdieta.com\/nl\/nigella-voor-gewichtsverlies\/#primaryimage"},"image":{"@id":"https:\/\/asdieta.com\/nl\/nigella-voor-gewichtsverlies\/#primaryimage"},"thumbnailUrl":"https:\/\/asdieta.com\/wp-content\/uploads\/2023\/03\/czarnuszka-na-odchudzanie-1.jpg","datePublished":"2026-03-09T17:12:56+00:00","dateModified":"2026-03-29T09:58:18+00:00","breadcrumb":{"@id":"https:\/\/asdieta.com\/nl\/nigella-voor-gewichtsverlies\/#breadcrumb"},"inLanguage":"hu","potentialAction":[{"@type":"ReadAction","target":["https:\/\/asdieta.com\/nl\/nigella-voor-gewichtsverlies\/"]}]},{"@type":"ImageObject","inLanguage":"hu","@id":"https:\/\/asdieta.com\/nl\/nigella-voor-gewichtsverlies\/#primaryimage","url":"https:\/\/asdieta.com\/wp-content\/uploads\/2023\/03\/czarnuszka-na-odchudzanie-1.jpg","contentUrl":"https:\/\/asdieta.com\/wp-content\/uploads\/2023\/03\/czarnuszka-na-odchudzanie-1.jpg","width":640,"height":427},{"@type":"BreadcrumbList","@id":"https:\/\/asdieta.com\/nl\/nigella-voor-gewichtsverlies\/#breadcrumb","itemListElement":[{"@type":"ListItem","position":1,"name":"Strona g\u0142\u00f3wna","item":"https:\/\/asdieta.com\/et\/"},{"@type":"ListItem","position":2,"name":"Czarnuszka na odchudzanie"}]},{"@type":"WebSite","@id":"https:\/\/asdieta.com\/et\/#website","url":"https:\/\/asdieta.com\/et\/","name":"Mint di\u00e9ta","description":"Egy blog az eg\u00e9szs\u00e9ges \u00e9letm\u00f3dr\u00f3l.","publisher":{"@id":"https:\/\/asdieta.com\/et\/#organization"},"potentialAction":[{"@type":"SearchAction","target":{"@type":"EntryPoint","urlTemplate":"https:\/\/asdieta.com\/et\/?s={search_term_string}"},"query-input":{"@type":"PropertyValueSpecification","valueRequired":true,"valueName":"search_term_string"}}],"inLanguage":"hu"},{"@type":"Organization","@id":"https:\/\/asdieta.com\/et\/#organization","name":"Mint di\u00e9ta","url":"https:\/\/asdieta.com\/et\/","logo":{"@type":"ImageObject","inLanguage":"hu","@id":"https:\/\/asdieta.com\/et\/#\/schema\/logo\/image\/","url":"https:\/\/asdieta.com\/wp-content\/uploads\/2021\/11\/cropped-cover-1.png","contentUrl":"https:\/\/asdieta.com\/wp-content\/uploads\/2021\/11\/cropped-cover-1.png","width":3500,"height":1167,"caption":"As Dieta"},"image":{"@id":"https:\/\/asdieta.com\/et\/#\/schema\/logo\/image\/"}},{"@type":"Person","@id":"https:\/\/asdieta.com\/et\/#\/schema\/person\/9055320e1699dfc52e959a80e3b32edf","name":"Ania","image":{"@type":"ImageObject","inLanguage":"hu","@id":"https:\/\/asdieta.com\/wp-content\/uploads\/2019\/09\/jonnelle-yankovich-lBWOnjLl9h4-unsplash-110x110.jpg","url":"https:\/\/asdieta.com\/wp-content\/uploads\/2019\/09\/jonnelle-yankovich-lBWOnjLl9h4-unsplash-110x110.jpg","contentUrl":"https:\/\/asdieta.com\/wp-content\/uploads\/2019\/09\/jonnelle-yankovich-lBWOnjLl9h4-unsplash-110x110.jpg","caption":"Ania"},"description":"Az eg\u00e9szs\u00e9ges \u00e9letm\u00f3d \u00e9s a hat\u00e9kony fogy\u00e1s h\u00edve :)","url":"https:\/\/asdieta.com\/hu\/author\/admin\/"}]}},"multi-rating":{"mr_rating_results":[{"adjusted_star_result":5,"star_result":5,"total_max_option_value":5,"adjusted_score_result":5,"score_result":5,"percentage_result":100,"adjusted_percentage_result":100,"count":1,"post_id":4502}]},"_links":{"self":[{"href":"https:\/\/asdieta.com\/hu\/wp-json\/wp\/v2\/posts\/4502","targetHints":{"allow":["GET"]}}],"collection":[{"href":"https:\/\/asdieta.com\/hu\/wp-json\/wp\/v2\/posts"}],"about":[{"href":"https:\/\/asdieta.com\/hu\/wp-json\/wp\/v2\/types\/post"}],"author":[{"embeddable":true,"href":"https:\/\/asdieta.com\/hu\/wp-json\/wp\/v2\/users\/1"}],"replies":[{"embeddable":true,"href":"https:\/\/asdieta.com\/hu\/wp-json\/wp\/v2\/comments?post=4502"}],"version-history":[{"count":3,"href":"https:\/\/asdieta.com\/hu\/wp-json\/wp\/v2\/posts\/4502\/revisions"}],"predecessor-version":[{"id":4523,"href":"https:\/\/asdieta.com\/hu\/wp-json\/wp\/v2\/posts\/4502\/revisions\/4523"}],"wp:featuredmedia":[{"embeddable":true,"href":"https:\/\/asdieta.com\/hu\/wp-json\/wp\/v2\/media\/4505"}],"wp:attachment":[{"href":"https:\/\/asdieta.com\/hu\/wp-json\/wp\/v2\/media?parent=4502"}],"wp:term":[{"taxonomy":"category","embeddable":true,"href":"https:\/\/asdieta.com\/hu\/wp-json\/wp\/v2\/categories?post=4502"},{"taxonomy":"post_tag","embeddable":true,"href":"https:\/\/asdieta.com\/hu\/wp-json\/wp\/v2\/tags?post=4502"}],"curies":[{"name":"wp","href":"https:\/\/api.w.org\/{rel}","templated":true}]}}