{"id":4580,"date":"2023-04-18T10:30:37","date_gmt":"2023-04-18T10:30:37","guid":{"rendered":"https:\/\/asdieta.com\/?p=4580"},"modified":"2023-04-18T10:30:38","modified_gmt":"2023-04-18T10:30:38","slug":"kosmetyczka-kluczowy-zawod-w-branzy-urody-i-dbania-o-siebie","status":"publish","type":"post","link":"https:\/\/asdieta.com\/fr\/estheticienne-cle-occupation-en-beaute-et-soin-de-soi\/","title":{"rendered":"Esth\u00e9ticienne - Une profession cl\u00e9 dans l'industrie de la beaut\u00e9 et du toilettage"},"content":{"rendered":"<p>Introduction :<\/p>\n\n\n\n<p>L'esth\u00e9ticienne est une professionnelle qualifi\u00e9e dont l'objectif principal est d'am\u00e9liorer et de maintenir la sant\u00e9 et l'esth\u00e9tique de la peau du visage et du corps. Dans le monde d'aujourd'hui, o\u00f9 les soins de beaut\u00e9 et d'apparence gagnent en importance, le r\u00f4le de l'esth\u00e9ticienne devient de plus en plus important. Dans cet article, nous examinons de plus pr\u00e8s la profession d'esth\u00e9ticienne, ses t\u00e2ches, les exigences en mati\u00e8re de formation et les tendances dans le secteur de la beaut\u00e9.<\/p>\n\n\n\n<p>Fonctions de l'esth\u00e9ticienne :<\/p>\n\n\n\n<p>Les esth\u00e9ticiennes proposent un large \u00e9ventail de services visant \u00e0 am\u00e9liorer l'apparence et l'\u00e9tat de la peau du visage et du corps :<\/p>\n\n\n\n<ol class=\"wp-block-list\"><li>Nettoyage du visage : \u00e9liminer les impuret\u00e9s, le maquillage et les peaux mortes pour laisser la peau fra\u00eeche et nourrie.<\/li><li>Peeling chimique : utilisation d'acides appropri\u00e9s pour exfolier les peaux mortes, r\u00e9duire l'hyperpigmentation, les rides ou l'acn\u00e9.<\/li><li>Massages du visage et du corps : Effectuer des massages pour am\u00e9liorer la circulation, assouplir la peau et d\u00e9tendre le client.<\/li><li>\u00c9pilation : \u00e9limination des poils ind\u00e9sirables \u00e0 l'aide de diff\u00e9rentes techniques telles que l'\u00e9pilation \u00e0 la cire, l'\u00e9pilation au laser ou l'\u00e9lectrolyse.<\/li><li>Maquillage : Maquillage professionnel pour diverses occasions, telles que les mariages, les s\u00e9ances de photos et les \u00e9v\u00e9nements.<\/li><li>Manucure et p\u00e9dicure : Soins des mains et des pieds, comprenant le modelage et la peinture des ongles, ainsi que les soins de la peau des mains et des pieds.<\/li><li>Formation et conseil : donner des conseils sur les soins de la peau, le choix des produits cosm\u00e9tiques et organiser des formations sur les produits cosm\u00e9tiques.<\/li><\/ol>\n\n\n\n<div class=\"wp-block-image\"><figure class=\"aligncenter size-full is-resized\"><img loading=\"lazy\" decoding=\"async\" src=\"https:\/\/asdieta.com\/wp-content\/uploads\/2023\/04\/cosmetics-g9d4ec1005_640.jpg\" alt=\"\" class=\"wp-image-4581\" width=\"373\" height=\"249\" srcset=\"https:\/\/asdieta.com\/wp-content\/uploads\/2023\/04\/cosmetics-g9d4ec1005_640.jpg 640w, https:\/\/asdieta.com\/wp-content\/uploads\/2023\/04\/cosmetics-g9d4ec1005_640-300x200.jpg 300w, https:\/\/asdieta.com\/wp-content\/uploads\/2023\/04\/cosmetics-g9d4ec1005_640-18x12.jpg 18w, https:\/\/asdieta.com\/wp-content\/uploads\/2023\/04\/cosmetics-g9d4ec1005_640-110x73.jpg 110w, https:\/\/asdieta.com\/wp-content\/uploads\/2023\/04\/cosmetics-g9d4ec1005_640-420x280.jpg 420w\" sizes=\"auto, (max-width: 373px) 100vw, 373px\" \/><\/figure><\/div>\n\n\n\n<p>Exigences en mati\u00e8re d'\u00e9ducation :<\/p>\n\n\n\n<p>Pour devenir esth\u00e9ticienne, il faut suivre une formation et obtenir des qualifications appropri\u00e9es. En Pologne, une future esth\u00e9ticienne doit suivre une \u00e9cole post-secondaire ou des cours de cosm\u00e9tologie. Il est \u00e9galement important d'acqu\u00e9rir une exp\u00e9rience professionnelle, par exemple par le biais de stages ou d'apprentissages. Une licence de cosm\u00e9tologie est exig\u00e9e dans certains pays, comme les \u00c9tats-Unis, o\u00f9 un examen d'\u00c9tat doit \u00eatre pass\u00e9.<\/p>\n\n\n\n<p>V\u00e9rifiez <a href=\"https:\/\/perlacity-klinika.pl\/\" target=\"_blank\">perlacity-klinika kosmetyczka szczecin<\/a><\/p>\n\n\n\n<p>Tendances dans l'industrie de la beaut\u00e9 :<\/p>\n\n\n\n<p>Le secteur de la beaut\u00e9 est en constante \u00e9volution. Il est donc essentiel pour les esth\u00e9ticiennes de se tenir au courant des derni\u00e8res tendances et technologies. En voici quelques-unes :<\/p>\n\n\n\n<ol class=\"wp-block-list\"><li>Cosm\u00e9tologie biologique : l'int\u00e9r\u00eat croissant pour les produits biologiques et naturels conduit \u00e0 mettre davantage l'accent sur l'utilisation de cosm\u00e9tiques \u00e0 base de plantes et de pratiques durables dans les salons de beaut\u00e9.<\/li><li>Technologie en cosm\u00e9tologie : les technologies modernes telles que la microdermabrasion, les ultrasons et la m\u00e9soth\u00e9rapie sans aiguille sont de plus en plus utilis\u00e9es pour am\u00e9liorer l'\u00e9tat de la peau.<\/li><li>Personnalisation : individualiser le client, adapter les traitements \u00e0 ses besoins sp\u00e9cifiques et analyser la peau \u00e0 l'aide d'\u00e9quipements modernes sont des pratiques de plus en plus courantes dans les instituts de beaut\u00e9.<\/li><li>Soins holistiques : l'int\u00e9r\u00eat croissant pour les modes de vie sains se traduit par une approche holistique de la cosm\u00e9tologie. Les esth\u00e9ticiennes sont de plus en plus attentives \u00e0 l'impact du r\u00e9gime alimentaire, des habitudes de vie ou de l'\u00e9tat \u00e9motionnel sur l'\u00e9tat de la peau de leurs clients.<\/li><\/ol>\n\n\n\n<div class=\"wp-block-image\"><figure class=\"aligncenter size-full is-resized\"><img loading=\"lazy\" decoding=\"async\" src=\"https:\/\/asdieta.com\/wp-content\/uploads\/2023\/04\/spa-g33c552c8f_640.jpg\" alt=\"\" class=\"wp-image-4583\" width=\"384\" height=\"256\" srcset=\"https:\/\/asdieta.com\/wp-content\/uploads\/2023\/04\/spa-g33c552c8f_640.jpg 640w, https:\/\/asdieta.com\/wp-content\/uploads\/2023\/04\/spa-g33c552c8f_640-300x200.jpg 300w, https:\/\/asdieta.com\/wp-content\/uploads\/2023\/04\/spa-g33c552c8f_640-18x12.jpg 18w, https:\/\/asdieta.com\/wp-content\/uploads\/2023\/04\/spa-g33c552c8f_640-110x73.jpg 110w, https:\/\/asdieta.com\/wp-content\/uploads\/2023\/04\/spa-g33c552c8f_640-420x280.jpg 420w\" sizes=\"auto, (max-width: 384px) 100vw, 384px\" \/><\/figure><\/div>\n\n\n\n<p>Le r\u00f4le de l'esth\u00e9ticienne dans l'am\u00e9lioration de la qualit\u00e9 de vie :<\/p>\n\n\n\n<p>Les esth\u00e9ticiennes jouent un r\u00f4le important dans l'am\u00e9lioration de la qualit\u00e9 de vie de leurs clients, car leurs services ont une incidence sur l'estime de soi, la confiance en soi et le bien-\u00eatre g\u00e9n\u00e9ral. Des soins de la peau appropri\u00e9s peuvent contribuer \u00e0 pr\u00e9venir le vieillissement pr\u00e9matur\u00e9, \u00e0 pr\u00e9server la sant\u00e9 de la peau et \u00e0 am\u00e9liorer l'apparence, ce qui influence la perception de soi et de meilleures relations avec les autres.<\/p>\n\n\n\n<div class=\"wp-block-image\"><figure class=\"aligncenter size-full is-resized\"><img loading=\"lazy\" decoding=\"async\" src=\"https:\/\/asdieta.com\/wp-content\/uploads\/2023\/04\/cosmetics-gdda8f3bf7_640.jpg\" alt=\"\" class=\"wp-image-4582\" width=\"349\" height=\"233\" srcset=\"https:\/\/asdieta.com\/wp-content\/uploads\/2023\/04\/cosmetics-gdda8f3bf7_640.jpg 640w, https:\/\/asdieta.com\/wp-content\/uploads\/2023\/04\/cosmetics-gdda8f3bf7_640-300x200.jpg 300w, https:\/\/asdieta.com\/wp-content\/uploads\/2023\/04\/cosmetics-gdda8f3bf7_640-18x12.jpg 18w, https:\/\/asdieta.com\/wp-content\/uploads\/2023\/04\/cosmetics-gdda8f3bf7_640-110x73.jpg 110w, https:\/\/asdieta.com\/wp-content\/uploads\/2023\/04\/cosmetics-gdda8f3bf7_640-420x280.jpg 420w\" sizes=\"auto, (max-width: 349px) 100vw, 349px\" \/><\/figure><\/div>\n\n\n\n<p>R\u00e9sum\u00e9 :<\/p>\n\n\n\n<p>L'esth\u00e9ticien est une profession cl\u00e9 de l'industrie de la beaut\u00e9 qui englobe un large \u00e9ventail de services visant \u00e0 am\u00e9liorer et \u00e0 maintenir la sant\u00e9 et l'esth\u00e9tique de la peau du visage et du corps. Pour devenir esth\u00e9ticienne, il est n\u00e9cessaire d'acqu\u00e9rir la formation et l'exp\u00e9rience appropri\u00e9es. Dans le monde d'aujourd'hui, o\u00f9 les soins de beaut\u00e9 et d'apparence gagnent en importance, le r\u00f4le de l'esth\u00e9ticienne devient de plus en plus important. La profession exige une formation continue et une mise \u00e0 jour des tendances afin de r\u00e9pondre aux attentes des clients et d'utiliser les technologies et les approches modernes au travail.<\/p>","protected":false},"excerpt":{"rendered":"<p>Wst\u0119p: Kosmetyczka to wykwalifikowany specjalista, kt\u00f3rego g\u0142\u00f3wnym celem jest poprawa i utrzymanie zdrowia oraz estetyki sk\u00f3ry twarzy i cia\u0142a. W dzisiejszym \u015bwiecie, w kt\u00f3rym dbanie o urod\u0119 i wygl\u0105d zewn\u0119trzny zyskuje na znaczeniu, rola kosmetyczki staje si\u0119 coraz bardziej istotna. W tym artykule przyjrzymy si\u0119 bli\u017cej zawodowi kosmetyczki, jej obowi\u0105zkom, wymaganiom edukacyjnym oraz trendom w [&hellip;]<\/p>\n","protected":false},"author":1,"featured_media":4584,"comment_status":"open","ping_status":"open","sticky":false,"template":"","format":"standard","meta":{"rating_form_position":"","rating_results_position":"","mr_structured_data_type":"","footnotes":""},"categories":[10],"tags":[],"class_list":["post-4580","post","type-post","status-publish","format-standard","has-post-thumbnail","hentry","category-health"],"yoast_head":"<!-- This site is optimized with the Yoast SEO plugin v27.2 - https:\/\/yoast.com\/product\/yoast-seo-wordpress\/ -->\n<title>Kosmetyczka - Kluczowy zaw\u00f3d w bran\u017cy urody i dbania o siebie - As Dieta<\/title>\n<meta name=\"robots\" content=\"index, follow, max-snippet:-1, max-image-preview:large, max-video-preview:-1\" \/>\n<link rel=\"canonical\" href=\"https:\/\/asdieta.com\/fr\/estetista-chiave-occupazione-nella-bellezza-e-cura-di-se\/\" \/>\n<meta property=\"og:locale\" content=\"fr_FR\" \/>\n<meta property=\"og:type\" content=\"article\" \/>\n<meta property=\"og:title\" content=\"Kosmetyczka - Kluczowy zaw\u00f3d w bran\u017cy urody i dbania o siebie - As Dieta\" \/>\n<meta property=\"og:description\" content=\"Wst\u0119p: Kosmetyczka to wykwalifikowany specjalista, kt\u00f3rego g\u0142\u00f3wnym celem jest poprawa i utrzymanie zdrowia oraz estetyki sk\u00f3ry twarzy i cia\u0142a. W dzisiejszym \u015bwiecie, w kt\u00f3rym dbanie o urod\u0119 i wygl\u0105d zewn\u0119trzny zyskuje na znaczeniu, rola kosmetyczki staje si\u0119 coraz bardziej istotna. W tym artykule przyjrzymy si\u0119 bli\u017cej zawodowi kosmetyczki, jej obowi\u0105zkom, wymaganiom edukacyjnym oraz trendom w [&hellip;]\" \/>\n<meta property=\"og:url\" content=\"https:\/\/asdieta.com\/fr\/estetista-chiave-occupazione-nella-bellezza-e-cura-di-se\/\" \/>\n<meta property=\"og:site_name\" content=\"As Dieta\" \/>\n<meta property=\"article:published_time\" content=\"2023-04-18T10:30:37+00:00\" \/>\n<meta property=\"article:modified_time\" content=\"2023-04-18T10:30:38+00:00\" \/>\n<meta property=\"og:image\" content=\"https:\/\/asdieta.com\/wp-content\/uploads\/2023\/04\/beautician-g59ee43c4b_640.jpg\" \/>\n\t<meta property=\"og:image:width\" content=\"640\" \/>\n\t<meta property=\"og:image:height\" content=\"427\" \/>\n\t<meta property=\"og:image:type\" content=\"image\/jpeg\" \/>\n<meta name=\"author\" content=\"Ania\" \/>\n<meta name=\"twitter:card\" content=\"summary_large_image\" \/>\n<meta name=\"twitter:label1\" content=\"Written by\" \/>\n\t<meta name=\"twitter:data1\" content=\"Ania\" \/>\n\t<meta name=\"twitter:label2\" content=\"Est. reading time\" \/>\n\t<meta name=\"twitter:data2\" content=\"3 minutes\" \/>\n<script type=\"application\/ld+json\" class=\"yoast-schema-graph\">{\"@context\":\"https:\/\/schema.org\",\"@graph\":[{\"@type\":\"Article\",\"@id\":\"https:\/\/asdieta.com\/it\/estetista-chiave-occupazione-nella-bellezza-e-cura-di-se\/#article\",\"isPartOf\":{\"@id\":\"https:\/\/asdieta.com\/it\/estetista-chiave-occupazione-nella-bellezza-e-cura-di-se\/\"},\"author\":{\"name\":\"Ania\",\"@id\":\"https:\/\/asdieta.com\/et\/#\/schema\/person\/9055320e1699dfc52e959a80e3b32edf\"},\"headline\":\"Kosmetyczka &#8211; Kluczowy zaw\u00f3d w bran\u017cy urody i dbania o siebie\",\"datePublished\":\"2023-04-18T10:30:37+00:00\",\"dateModified\":\"2023-04-18T10:30:38+00:00\",\"mainEntityOfPage\":{\"@id\":\"https:\/\/asdieta.com\/it\/estetista-chiave-occupazione-nella-bellezza-e-cura-di-se\/\"},\"wordCount\":631,\"commentCount\":0,\"publisher\":{\"@id\":\"https:\/\/asdieta.com\/et\/#organization\"},\"image\":{\"@id\":\"https:\/\/asdieta.com\/it\/estetista-chiave-occupazione-nella-bellezza-e-cura-di-se\/#primaryimage\"},\"thumbnailUrl\":\"https:\/\/asdieta.com\/wp-content\/uploads\/2023\/04\/beautician-g59ee43c4b_640.jpg\",\"articleSection\":[\"Zdrowie\"],\"inLanguage\":\"fr-FR\",\"potentialAction\":[{\"@type\":\"CommentAction\",\"name\":\"Comment\",\"target\":[\"https:\/\/asdieta.com\/it\/estetista-chiave-occupazione-nella-bellezza-e-cura-di-se\/#respond\"]}]},{\"@type\":\"WebPage\",\"@id\":\"https:\/\/asdieta.com\/it\/estetista-chiave-occupazione-nella-bellezza-e-cura-di-se\/\",\"url\":\"https:\/\/asdieta.com\/it\/estetista-chiave-occupazione-nella-bellezza-e-cura-di-se\/\",\"name\":\"Kosmetyczka - Kluczowy zaw\u00f3d w bran\u017cy urody i dbania o siebie - As Dieta\",\"isPartOf\":{\"@id\":\"https:\/\/asdieta.com\/et\/#website\"},\"primaryImageOfPage\":{\"@id\":\"https:\/\/asdieta.com\/it\/estetista-chiave-occupazione-nella-bellezza-e-cura-di-se\/#primaryimage\"},\"image\":{\"@id\":\"https:\/\/asdieta.com\/it\/estetista-chiave-occupazione-nella-bellezza-e-cura-di-se\/#primaryimage\"},\"thumbnailUrl\":\"https:\/\/asdieta.com\/wp-content\/uploads\/2023\/04\/beautician-g59ee43c4b_640.jpg\",\"datePublished\":\"2023-04-18T10:30:37+00:00\",\"dateModified\":\"2023-04-18T10:30:38+00:00\",\"breadcrumb\":{\"@id\":\"https:\/\/asdieta.com\/it\/estetista-chiave-occupazione-nella-bellezza-e-cura-di-se\/#breadcrumb\"},\"inLanguage\":\"fr-FR\",\"potentialAction\":[{\"@type\":\"ReadAction\",\"target\":[\"https:\/\/asdieta.com\/it\/estetista-chiave-occupazione-nella-bellezza-e-cura-di-se\/\"]}]},{\"@type\":\"ImageObject\",\"inLanguage\":\"fr-FR\",\"@id\":\"https:\/\/asdieta.com\/it\/estetista-chiave-occupazione-nella-bellezza-e-cura-di-se\/#primaryimage\",\"url\":\"https:\/\/asdieta.com\/wp-content\/uploads\/2023\/04\/beautician-g59ee43c4b_640.jpg\",\"contentUrl\":\"https:\/\/asdieta.com\/wp-content\/uploads\/2023\/04\/beautician-g59ee43c4b_640.jpg\",\"width\":640,\"height\":427},{\"@type\":\"BreadcrumbList\",\"@id\":\"https:\/\/asdieta.com\/it\/estetista-chiave-occupazione-nella-bellezza-e-cura-di-se\/#breadcrumb\",\"itemListElement\":[{\"@type\":\"ListItem\",\"position\":1,\"name\":\"Strona g\u0142\u00f3wna\",\"item\":\"https:\/\/asdieta.com\/et\/\"},{\"@type\":\"ListItem\",\"position\":2,\"name\":\"Kosmetyczka &#8211; Kluczowy zaw\u00f3d w bran\u017cy urody i dbania o siebie\"}]},{\"@type\":\"WebSite\",\"@id\":\"https:\/\/asdieta.com\/et\/#website\",\"url\":\"https:\/\/asdieta.com\/et\/\",\"name\":\"As Dieta\",\"description\":\"Blog o zdrowym trybie \u017cycia.\",\"publisher\":{\"@id\":\"https:\/\/asdieta.com\/et\/#organization\"},\"potentialAction\":[{\"@type\":\"SearchAction\",\"target\":{\"@type\":\"EntryPoint\",\"urlTemplate\":\"https:\/\/asdieta.com\/et\/?s={search_term_string}\"},\"query-input\":{\"@type\":\"PropertyValueSpecification\",\"valueRequired\":true,\"valueName\":\"search_term_string\"}}],\"inLanguage\":\"fr-FR\"},{\"@type\":\"Organization\",\"@id\":\"https:\/\/asdieta.com\/et\/#organization\",\"name\":\"As Dieta\",\"url\":\"https:\/\/asdieta.com\/et\/\",\"logo\":{\"@type\":\"ImageObject\",\"inLanguage\":\"fr-FR\",\"@id\":\"https:\/\/asdieta.com\/et\/#\/schema\/logo\/image\/\",\"url\":\"https:\/\/asdieta.com\/wp-content\/uploads\/2021\/11\/cropped-cover-1.png\",\"contentUrl\":\"https:\/\/asdieta.com\/wp-content\/uploads\/2021\/11\/cropped-cover-1.png\",\"width\":3500,\"height\":1167,\"caption\":\"As Dieta\"},\"image\":{\"@id\":\"https:\/\/asdieta.com\/et\/#\/schema\/logo\/image\/\"}},{\"@type\":\"Person\",\"@id\":\"https:\/\/asdieta.com\/et\/#\/schema\/person\/9055320e1699dfc52e959a80e3b32edf\",\"name\":\"Ania\",\"image\":{\"@type\":\"ImageObject\",\"inLanguage\":\"fr-FR\",\"@id\":\"https:\/\/asdieta.com\/wp-content\/uploads\/2019\/09\/jonnelle-yankovich-lBWOnjLl9h4-unsplash-110x110.jpg\",\"url\":\"https:\/\/asdieta.com\/wp-content\/uploads\/2019\/09\/jonnelle-yankovich-lBWOnjLl9h4-unsplash-110x110.jpg\",\"contentUrl\":\"https:\/\/asdieta.com\/wp-content\/uploads\/2019\/09\/jonnelle-yankovich-lBWOnjLl9h4-unsplash-110x110.jpg\",\"caption\":\"Ania\"},\"description\":\"Entuzjastka zdrowego trybu \u017cycia i skutecznego odchudzania :)\",\"url\":\"https:\/\/asdieta.com\/fr\/author\/admin\/\"}]}<\/script>\n<!-- \/ Yoast SEO plugin. -->","yoast_head_json":{"title":"Esth\u00e9ticienne - Une profession cl\u00e9 dans l'industrie de la beaut\u00e9 et du toilettage - Ace Diet","robots":{"index":"index","follow":"follow","max-snippet":"max-snippet:-1","max-image-preview":"max-image-preview:large","max-video-preview":"max-video-preview:-1"},"canonical":"https:\/\/asdieta.com\/fr\/estetista-chiave-occupazione-nella-bellezza-e-cura-di-se\/","og_locale":"fr_FR","og_type":"article","og_title":"Kosmetyczka - Kluczowy zaw\u00f3d w bran\u017cy urody i dbania o siebie - As Dieta","og_description":"Wst\u0119p: Kosmetyczka to wykwalifikowany specjalista, kt\u00f3rego g\u0142\u00f3wnym celem jest poprawa i utrzymanie zdrowia oraz estetyki sk\u00f3ry twarzy i cia\u0142a. W dzisiejszym \u015bwiecie, w kt\u00f3rym dbanie o urod\u0119 i wygl\u0105d zewn\u0119trzny zyskuje na znaczeniu, rola kosmetyczki staje si\u0119 coraz bardziej istotna. W tym artykule przyjrzymy si\u0119 bli\u017cej zawodowi kosmetyczki, jej obowi\u0105zkom, wymaganiom edukacyjnym oraz trendom w [&hellip;]","og_url":"https:\/\/asdieta.com\/fr\/estetista-chiave-occupazione-nella-bellezza-e-cura-di-se\/","og_site_name":"As Dieta","article_published_time":"2023-04-18T10:30:37+00:00","article_modified_time":"2023-04-18T10:30:38+00:00","og_image":[{"width":640,"height":427,"url":"https:\/\/asdieta.com\/wp-content\/uploads\/2023\/04\/beautician-g59ee43c4b_640.jpg","type":"image\/jpeg"}],"author":"Ania","twitter_card":"summary_large_image","twitter_misc":{"Written by":"Ania","Est. reading time":"3 minutes"},"schema":{"@context":"https:\/\/schema.org","@graph":[{"@type":"Article","@id":"https:\/\/asdieta.com\/it\/estetista-chiave-occupazione-nella-bellezza-e-cura-di-se\/#article","isPartOf":{"@id":"https:\/\/asdieta.com\/it\/estetista-chiave-occupazione-nella-bellezza-e-cura-di-se\/"},"author":{"name":"Ania","@id":"https:\/\/asdieta.com\/et\/#\/schema\/person\/9055320e1699dfc52e959a80e3b32edf"},"headline":"Kosmetyczka &#8211; Kluczowy zaw\u00f3d w bran\u017cy urody i dbania o siebie","datePublished":"2023-04-18T10:30:37+00:00","dateModified":"2023-04-18T10:30:38+00:00","mainEntityOfPage":{"@id":"https:\/\/asdieta.com\/it\/estetista-chiave-occupazione-nella-bellezza-e-cura-di-se\/"},"wordCount":631,"commentCount":0,"publisher":{"@id":"https:\/\/asdieta.com\/et\/#organization"},"image":{"@id":"https:\/\/asdieta.com\/it\/estetista-chiave-occupazione-nella-bellezza-e-cura-di-se\/#primaryimage"},"thumbnailUrl":"https:\/\/asdieta.com\/wp-content\/uploads\/2023\/04\/beautician-g59ee43c4b_640.jpg","articleSection":["Zdrowie"],"inLanguage":"fr-FR","potentialAction":[{"@type":"CommentAction","name":"Comment","target":["https:\/\/asdieta.com\/it\/estetista-chiave-occupazione-nella-bellezza-e-cura-di-se\/#respond"]}]},{"@type":"WebPage","@id":"https:\/\/asdieta.com\/it\/estetista-chiave-occupazione-nella-bellezza-e-cura-di-se\/","url":"https:\/\/asdieta.com\/it\/estetista-chiave-occupazione-nella-bellezza-e-cura-di-se\/","name":"Esth\u00e9ticienne - Une profession cl\u00e9 dans l'industrie de la beaut\u00e9 et du toilettage - Ace Diet","isPartOf":{"@id":"https:\/\/asdieta.com\/et\/#website"},"primaryImageOfPage":{"@id":"https:\/\/asdieta.com\/it\/estetista-chiave-occupazione-nella-bellezza-e-cura-di-se\/#primaryimage"},"image":{"@id":"https:\/\/asdieta.com\/it\/estetista-chiave-occupazione-nella-bellezza-e-cura-di-se\/#primaryimage"},"thumbnailUrl":"https:\/\/asdieta.com\/wp-content\/uploads\/2023\/04\/beautician-g59ee43c4b_640.jpg","datePublished":"2023-04-18T10:30:37+00:00","dateModified":"2023-04-18T10:30:38+00:00","breadcrumb":{"@id":"https:\/\/asdieta.com\/it\/estetista-chiave-occupazione-nella-bellezza-e-cura-di-se\/#breadcrumb"},"inLanguage":"fr-FR","potentialAction":[{"@type":"ReadAction","target":["https:\/\/asdieta.com\/it\/estetista-chiave-occupazione-nella-bellezza-e-cura-di-se\/"]}]},{"@type":"ImageObject","inLanguage":"fr-FR","@id":"https:\/\/asdieta.com\/it\/estetista-chiave-occupazione-nella-bellezza-e-cura-di-se\/#primaryimage","url":"https:\/\/asdieta.com\/wp-content\/uploads\/2023\/04\/beautician-g59ee43c4b_640.jpg","contentUrl":"https:\/\/asdieta.com\/wp-content\/uploads\/2023\/04\/beautician-g59ee43c4b_640.jpg","width":640,"height":427},{"@type":"BreadcrumbList","@id":"https:\/\/asdieta.com\/it\/estetista-chiave-occupazione-nella-bellezza-e-cura-di-se\/#breadcrumb","itemListElement":[{"@type":"ListItem","position":1,"name":"Strona g\u0142\u00f3wna","item":"https:\/\/asdieta.com\/et\/"},{"@type":"ListItem","position":2,"name":"Kosmetyczka &#8211; Kluczowy zaw\u00f3d w bran\u017cy urody i dbania o siebie"}]},{"@type":"WebSite","@id":"https:\/\/asdieta.com\/et\/#website","url":"https:\/\/asdieta.com\/et\/","name":"En tant que r\u00e9gime alimentaire","description":"Un blog sur la vie saine.","publisher":{"@id":"https:\/\/asdieta.com\/et\/#organization"},"potentialAction":[{"@type":"SearchAction","target":{"@type":"EntryPoint","urlTemplate":"https:\/\/asdieta.com\/et\/?s={search_term_string}"},"query-input":{"@type":"PropertyValueSpecification","valueRequired":true,"valueName":"search_term_string"}}],"inLanguage":"fr-FR"},{"@type":"Organization","@id":"https:\/\/asdieta.com\/et\/#organization","name":"En tant que r\u00e9gime alimentaire","url":"https:\/\/asdieta.com\/et\/","logo":{"@type":"ImageObject","inLanguage":"fr-FR","@id":"https:\/\/asdieta.com\/et\/#\/schema\/logo\/image\/","url":"https:\/\/asdieta.com\/wp-content\/uploads\/2021\/11\/cropped-cover-1.png","contentUrl":"https:\/\/asdieta.com\/wp-content\/uploads\/2021\/11\/cropped-cover-1.png","width":3500,"height":1167,"caption":"As Dieta"},"image":{"@id":"https:\/\/asdieta.com\/et\/#\/schema\/logo\/image\/"}},{"@type":"Person","@id":"https:\/\/asdieta.com\/et\/#\/schema\/person\/9055320e1699dfc52e959a80e3b32edf","name":"Ania","image":{"@type":"ImageObject","inLanguage":"fr-FR","@id":"https:\/\/asdieta.com\/wp-content\/uploads\/2019\/09\/jonnelle-yankovich-lBWOnjLl9h4-unsplash-110x110.jpg","url":"https:\/\/asdieta.com\/wp-content\/uploads\/2019\/09\/jonnelle-yankovich-lBWOnjLl9h4-unsplash-110x110.jpg","contentUrl":"https:\/\/asdieta.com\/wp-content\/uploads\/2019\/09\/jonnelle-yankovich-lBWOnjLl9h4-unsplash-110x110.jpg","caption":"Ania"},"description":"Enthousiaste d'un mode de vie sain et d'une perte de poids efficace :)","url":"https:\/\/asdieta.com\/fr\/author\/admin\/"}]}},"multi-rating":{"mr_rating_results":[{"adjusted_star_result":5,"star_result":5,"total_max_option_value":5,"adjusted_score_result":5,"score_result":5,"percentage_result":100,"adjusted_percentage_result":100,"count":1,"post_id":4580}]},"_links":{"self":[{"href":"https:\/\/asdieta.com\/fr\/wp-json\/wp\/v2\/posts\/4580","targetHints":{"allow":["GET"]}}],"collection":[{"href":"https:\/\/asdieta.com\/fr\/wp-json\/wp\/v2\/posts"}],"about":[{"href":"https:\/\/asdieta.com\/fr\/wp-json\/wp\/v2\/types\/post"}],"author":[{"embeddable":true,"href":"https:\/\/asdieta.com\/fr\/wp-json\/wp\/v2\/users\/1"}],"replies":[{"embeddable":true,"href":"https:\/\/asdieta.com\/fr\/wp-json\/wp\/v2\/comments?post=4580"}],"version-history":[{"count":1,"href":"https:\/\/asdieta.com\/fr\/wp-json\/wp\/v2\/posts\/4580\/revisions"}],"predecessor-version":[{"id":4585,"href":"https:\/\/asdieta.com\/fr\/wp-json\/wp\/v2\/posts\/4580\/revisions\/4585"}],"wp:featuredmedia":[{"embeddable":true,"href":"https:\/\/asdieta.com\/fr\/wp-json\/wp\/v2\/media\/4584"}],"wp:attachment":[{"href":"https:\/\/asdieta.com\/fr\/wp-json\/wp\/v2\/media?parent=4580"}],"wp:term":[{"taxonomy":"category","embeddable":true,"href":"https:\/\/asdieta.com\/fr\/wp-json\/wp\/v2\/categories?post=4580"},{"taxonomy":"post_tag","embeddable":true,"href":"https:\/\/asdieta.com\/fr\/wp-json\/wp\/v2\/tags?post=4580"}],"curies":[{"name":"wp","href":"https:\/\/api.w.org\/{rel}","templated":true}]}}