{"id":319,"date":"2023-03-09T16:18:55","date_gmt":"2023-03-09T16:18:55","guid":{"rendered":"https:\/\/asdieta.pl\/?p=319"},"modified":"2023-03-09T16:18:55","modified_gmt":"2023-03-09T16:18:55","slug":"proflexen-zadbaj-o-stawy","status":"publish","type":"post","link":"https:\/\/asdieta.com\/fi\/proflexen-huolehdi-nivelistasi-nivelet\/","title":{"rendered":"ProFlexen - huolehdi nivelist\u00e4si."},"content":{"rendered":"<p>2023 joulukuu Ajan my\u00f6t\u00e4 tietyt kehon osat alkavat kulua ja vaikeuttavat el\u00e4m\u00e4\u00e4mme huomattavasti. N\u00e4ihin kuuluvat nivelemme, ja jos niit\u00e4 laiminly\u00f6d\u00e4\u00e4n, ne voivat alkaa tehd\u00e4 el\u00e4m\u00e4st\u00e4mme hyvin vaikeaa.<\/p>\n<p style=\"text-align: center;\"><strong>Tilaa nyt <a target=\"_blank\" rel=\"nofollow\" href=\"https:\/\/asdieta.com\/fi\/goto\/https:\/\/nplink.net\/rblzww1m\/\">ProFlexen<\/a><\/strong><a target=\"_blank\" rel=\"nofollow\" href=\"https:\/\/asdieta.com\/fi\/goto\/https:\/\/nplink.net\/rblzww1m\/\"><img loading=\"lazy\" decoding=\"async\" class=\"wp-image-321 aligncenter\" src=\"https:\/\/asdieta.pl\/wp-content\/uploads\/2019\/07\/ProFlexen-am1.jpg\" alt=\"\" width=\"281\" height=\"375\" srcset=\"https:\/\/asdieta.com\/wp-content\/uploads\/2019\/07\/ProFlexen-am1.jpg 720w, https:\/\/asdieta.com\/wp-content\/uploads\/2019\/07\/ProFlexen-am1-225x300.jpg 225w, https:\/\/asdieta.com\/wp-content\/uploads\/2019\/07\/ProFlexen-am1-83x110.jpg 83w, https:\/\/asdieta.com\/wp-content\/uploads\/2019\/07\/ProFlexen-am1-315x420.jpg 315w, https:\/\/asdieta.com\/wp-content\/uploads\/2019\/07\/ProFlexen-am1-323x430.jpg 323w\" sizes=\"auto, (max-width: 281px) 100vw, 281px\" \/><\/a><\/p>\n<p>Jokainen, joka on kokenut sen, tiet\u00e4\u00e4 tarkalleen, mist\u00e4 puhuu...<\/p>\n<p>T\u00e4st\u00e4 syyst\u00e4 on hyv\u00e4 pit\u00e4\u00e4 huolta nivelist\u00e4 jo silloin, kun ne viel\u00e4 toimivat, jotta v\u00e4ltyt\u00e4\u00e4n vakavilta ongelmilta tulevaisuudessa. Jos taas olet jo huomannut nivelongelmia, on t\u00e4rke\u00e4\u00e4 alkaa hoitaa niit\u00e4 v\u00e4litt\u00f6m\u00e4sti, sill\u00e4 ajan mittaan niist\u00e4 tulee yh\u00e4 hankalampia ja ne saattavat est\u00e4\u00e4 sinua liikkumasta tehokkaasti.<\/p>\n<h2><span class=\"ez-toc-section\" id=\"Co_moze_powodowac_problemy_ze_stawami\"><\/span>Mik\u00e4 voi aiheuttaa nivelongelmia?<span class=\"ez-toc-section-end\"><\/span><\/h2>\n<p>Nivelkipu eli arthalgia johtuu siit\u00e4, ett\u00e4 nivelrusto ja sit\u00e4 ymp\u00e4r\u00f6iv\u00e4t kudokset ovat ylikuormittuneet. T\u00e4m\u00e4 aiheuttaa kipua polvissa tai ranteissa ja joskus my\u00f6s vakavia tulehduksia ymp\u00e4r\u00f6iviss\u00e4 kudoksissa, kuten j\u00e4nteiss\u00e4, nivelsiteiss\u00e4 tai nivelpusseissa.<\/p>\n<p>Nivelkipuja aiheuttavat huono ruokavalio, liikalihavuus, liikunnan puute, jatkuvaa seisomista vaativa ty\u00f6 ja niveli\u00e4 rasittava urheilu, kuten juoksu tai voimaharjoittelu.<\/p>\n<p><a target=\"_blank\" rel=\"nofollow\" href=\"https:\/\/asdieta.com\/fi\/goto\/https:\/\/nplink.net\/rblzww1m\/\"><img loading=\"lazy\" decoding=\"async\" class=\"alignnone  wp-image-320\" src=\"https:\/\/asdieta.pl\/wp-content\/uploads\/2019\/07\/ProFlexen-am2.jpg\" alt=\"\" width=\"384\" height=\"512\" srcset=\"https:\/\/asdieta.com\/wp-content\/uploads\/2019\/07\/ProFlexen-am2.jpg 720w, https:\/\/asdieta.com\/wp-content\/uploads\/2019\/07\/ProFlexen-am2-225x300.jpg 225w, https:\/\/asdieta.com\/wp-content\/uploads\/2019\/07\/ProFlexen-am2-83x110.jpg 83w, https:\/\/asdieta.com\/wp-content\/uploads\/2019\/07\/ProFlexen-am2-315x420.jpg 315w, https:\/\/asdieta.com\/wp-content\/uploads\/2019\/07\/ProFlexen-am2-323x430.jpg 323w\" sizes=\"auto, (max-width: 384px) 100vw, 384px\" \/><\/a><\/p>\n<h2><span class=\"ez-toc-section\" id=\"Co_w_takim_razie_robic_by_sie_przed_tym_ustrzec\"><\/span>Mit\u00e4 sitten voidaan tehd\u00e4 t\u00e4m\u00e4n varalta?<span class=\"ez-toc-section-end\"><\/span><\/h2>\n<p>\u00c4skett\u00e4in markkinoille on tullut innovatiivinen tuote ravintolis\u00e4n muodossa. ProFlexen on yksi tehokkaimmista niveli\u00e4 suojaavista valmisteista patentoidun ei-denaturoidun II-tyypin kollageenin - UC-II\u00ae - ansiosta.<\/p>\n<p>Se on ainesosa, joka on tehnyt tuloaan Yhdysvaltojen markkinoilla ja joka on viime aikoina tullut yh\u00e4 suositummaksi ja arvostetummaksi Euroopassa.<\/p>\n<h2><span class=\"ez-toc-section\" id=\"Najskuteczniejszy_w_USA_i_Europie\"><\/span>Menestynein Yhdysvalloissa ja Euroopassa!<span class=\"ez-toc-section-end\"><\/span><\/h2>\n<p>UC-II\u00ae on denaturoimatonta kollageenia tyypin II, eli sen puhtainta muotoa. Se on substraatti luuston lujuudesta ja venyvyydest\u00e4 vastaavan ruston lis\u00e4\u00e4ntymisess\u00e4. Lis\u00e4ksi suun kautta annettuna se ohjaa immuunij\u00e4rjestelm\u00e4mme toimintaa siten, ett\u00e4 se est\u00e4\u00e4 autoimmuunituhon ilmi\u00f6it\u00e4 nivelruston alueella, ja sen seurauksena sill\u00e4 on eritt\u00e4in suuri vaikutus nivelten joustavuuden ja liikkuvuuden parantamiseen.<br \/>Sen vaikutus on paljon tehokkaampi kuin pelk\u00e4n glukosamiinin ja kondroitiinin k\u00e4ytt\u00f6.<\/p>\n<p>UC-II\u00ae:n ja muiden luonnollista alkuper\u00e4\u00e4 olevien aktiivisten ainesosien ansiosta ProFlexen on maailman markkinoiden paras nivelhoito, jonka vaikutuksen vahvistaa sek\u00e4 k\u00e4ytt\u00e4jien ett\u00e4 l\u00e4\u00e4ketieteen asiantuntijoiden erinomainen palaute!<\/p>\n<h2><span class=\"ez-toc-section\" id=\"Przebadany_klinicznie\"><\/span>Kliinisesti testattu!<span class=\"ez-toc-section-end\"><\/span><\/h2>\n<p>UC-II\u00ae:n teho on dokumentoitu kliinisiss\u00e4 kaksoissokkotutkimuksissa.<br \/>Siin\u00e4 on kyse t\u00e4rkeimpien tietojen salaamisesta sek\u00e4 koehenkil\u00f6ilt\u00e4 ett\u00e4 m\u00e4\u00e4rittelyn hallinnoijilta. Vain koordinaattori tiet\u00e4\u00e4, saivatko potilaat vaikuttavaa ainetta vai lumel\u00e4\u00e4kett\u00e4.<br \/>Kaksi t\u00e4llaista tutkimusta on tehty, ja molemmat ovat vahvistaneet UC-II\u00ae-kollageenin tehokkuuden. K\u00e4vi ilmi, ett\u00e4 jo 40 mg:n p\u00e4ivitt\u00e4inen k\u00e4ytt\u00f6 parantaa nivelten liikkuvuutta ja toiminta-aluetta. Samalla nivelten kivuton ty\u00f6skentelyaika fyysisen ponnistelun aikana pitenee merkitt\u00e4v\u00e4sti. T\u00e4m\u00e4 n\u00e4kyi selv\u00e4sti verrattuna plaseboa saaneiden koehenkil\u00f6iden ryhm\u00e4\u00e4n.<\/p>\n<p>Tulokset paranivat niill\u00e4, joilla oli heikompia nivelongelmia, sek\u00e4 niill\u00e4, joilla oli vaikea niveltulehdus.<\/p>\n<h2><span class=\"ez-toc-section\" id=\"Sprawdzony_naturalny_sklad\"><\/span>Todistettu, luonnollinen koostumus!<span class=\"ez-toc-section-end\"><\/span><\/h2>\n<p>P\u00e4\u00e4ainesosan, UC-II\u00ae, lis\u00e4ksi ProFlexen-kaavassa on:<\/p>\n<p><em><strong>Intialainen frankincense-hartsiuute (boswellia serrata)<\/strong><\/em> - Intialainen frankincense on plasmalehtiperheeseen kuuluva kasvi, joka sis\u00e4lt\u00e4\u00e4 runsaasti boswelliinihappoja, joiden rakenne koostuu viidest\u00e4 syklisest\u00e4 triterpeenist\u00e4, joilla on eritt\u00e4in suotuisa vaikutus nivelten toimintaan. Perinteisess\u00e4 intialaisessa l\u00e4\u00e4ketieteess\u00e4 boswellia serrataa k\u00e4ytet\u00e4\u00e4n selk\u00e4rangan ja nivelten tulehdusten ja kivun hoitoon sek\u00e4 yl\u00e4hengitystieinfektioiden yhteydess\u00e4. S\u00e4\u00e4nn\u00f6llisesti k\u00e4ytettyn\u00e4 frankincense-uute tekee nivelist\u00e4 joustavammat ja parantaa niiden lujuutta.<\/p>\n<p><em><strong>Pitk\u00e4n ohdakkeen juurakosta saatu uute.<\/strong><\/em> - on my\u00f6s Intiasta ja tropiikista kotoisin oleva kasvi. Se on luonnollinen kurkumiinin l\u00e4hde, joka pit\u00e4\u00e4 nivelet ja luut tervein\u00e4.<\/p>\n<p><em><strong>Inkiv\u00e4\u00e4rijuuriuute<\/strong><\/em> - inkiv\u00e4\u00e4riin kuuluva kasvi, jota on k\u00e4ytetty luonnonl\u00e4\u00e4kinn\u00e4ss\u00e4 vuosisatojen ajan. Se tukee nivelten liikkuvuutta. Jos sit\u00e4 k\u00e4ytet\u00e4\u00e4n s\u00e4\u00e4nn\u00f6llisesti, et tunne aamulla her\u00e4\u00e4misen j\u00e4lkeen j\u00e4ykkyytt\u00e4, joka on tyypillist\u00e4 vaurioituneille nivelille.<\/p>\n<p><em><strong>C-vitamiini (askorbiinihappo)<\/strong><\/em> - Sen arvo on hyvin tiedossa meille kaikille. Se on v\u00e4ltt\u00e4m\u00e4t\u00f6nt\u00e4 el\u00e4vien organismien toiminnalle.<br \/>Se osallistuu aktiivisesti kollageenin tuotantoon kehossamme, mik\u00e4 puolestaan on eritt\u00e4in t\u00e4rke\u00e4\u00e4 nivelruston asianmukaisen toiminnan yll\u00e4pit\u00e4miseksi. Kollageenin tuotannossa se on kofaktori prolyylihydroksylaasille ja lysyylihydroksylaasille, jotka ovat entsyymej\u00e4, jotka vastaavat kollageenikuitujen stabiloinnista ja siirtymisest\u00e4. Lis\u00e4ksi askorbiinihappo stimuloi kollageenisynteesi\u00e4 aktivoimalla sen transkriptiota ja stabiloimalla prokollageenin mRNA:ta.<\/p>\n<p><em><strong>Mangaani<\/strong><\/em> - T\u00e4ll\u00e4 alkuaineella on eritt\u00e4in t\u00e4rke\u00e4 rooli sidekudoksen muodostumisessa elimist\u00f6ss\u00e4. Sit\u00e4 pidet\u00e4\u00e4n el\u00e4m\u00e4mme kannalta v\u00e4ltt\u00e4m\u00e4tt\u00f6m\u00e4n\u00e4 alkuaineena, koska se on useiden entsyymien reaktiokeskuksissa. Yhdess\u00e4 sinkin kanssa mangaani on vastuussa terveiden ja vahvojen luiden yll\u00e4pit\u00e4misest\u00e4.<\/p>\n<h2><span class=\"ez-toc-section\" id=\"Doskonala_cena_naturalny_sklad_i_wylacznie_pochwalne_opinie_%E2%80%93_czego_trzeba_wiecej\"><\/span>Erinomainen hinta, luonnollinen koostumus ja vain ylist\u00e4v\u00e4t arvostelut - mit\u00e4 muuta tarvitset?<span class=\"ez-toc-section-end\"><\/span><\/h2>\n<p>Kliinisesti testattu, markkinoiden tehokkain kaava. II-tyypin kollageeni puhtaimmassa muodossaan, mutta hintaan, joka ei poikkea muista markkinoilla olevista tuotteista.<\/p>\n<p>UC-II\u00ae:n tehokkuuden ansiosta yhdess\u00e4 muiden aktiivisten ainesosien kanssa ravintolis\u00e4n ProFlexen k\u00e4ytt\u00f6 tuottaa tuloksia jo ensimm\u00e4isten viikkojen aikana hoidon aloittamisesta.<br \/>T\u00e4ydellinen hoito ProFlexen:ll\u00e4 kest\u00e4\u00e4 kokonaisen kuukauden. Valmistaja suosittelee annosteluksi kahta kapselia p\u00e4iv\u00e4ss\u00e4 puoli tuntia ennen ateriaa, jotka otetaan kolmen sadan millilitran veden kanssa.<\/p>\n<p>Valitsemalla ProFlexen valitset maailmanmarkkinoiden korkeimman laadun edullisimpaan hintaan!<\/p>\n<p>Hyv\u00e4\u00e4n terveyteen tarvitaan niin v\u00e4h\u00e4n!<\/p>\n<p style=\"text-align: center;\"><strong>Tilaa nyt <a target=\"_blank\" rel=\"nofollow\" href=\"https:\/\/asdieta.com\/fi\/goto\/https:\/\/nplink.net\/rblzww1m\/\">ProFlexen<\/a><\/strong><a target=\"_blank\" rel=\"nofollow\" href=\"https:\/\/asdieta.com\/fi\/goto\/https:\/\/nplink.net\/rblzww1m\/\"><img loading=\"lazy\" decoding=\"async\" class=\"wp-image-321 aligncenter\" src=\"https:\/\/asdieta.pl\/wp-content\/uploads\/2019\/07\/ProFlexen-am1.jpg\" alt=\"\" width=\"281\" height=\"375\" srcset=\"https:\/\/asdieta.com\/wp-content\/uploads\/2019\/07\/ProFlexen-am1.jpg 720w, https:\/\/asdieta.com\/wp-content\/uploads\/2019\/07\/ProFlexen-am1-225x300.jpg 225w, https:\/\/asdieta.com\/wp-content\/uploads\/2019\/07\/ProFlexen-am1-83x110.jpg 83w, https:\/\/asdieta.com\/wp-content\/uploads\/2019\/07\/ProFlexen-am1-315x420.jpg 315w, https:\/\/asdieta.com\/wp-content\/uploads\/2019\/07\/ProFlexen-am1-323x430.jpg 323w\" sizes=\"auto, (max-width: 281px) 100vw, 281px\" \/><\/a><\/p>\n<p style=\"text-align: center;\"><a href=\"https:\/\/asdieta.com\/fi\/zdrowie\/\">Tutustu my\u00f6s muihin terveytt\u00e4 edist\u00e4viin lis\u00e4ravinteisiin!<\/a><\/p>\n\n\n<p><strong>Mielipiteet ravintolisist\u00e4<\/strong><br>Televisiomainoksia katsellessaan jokainen meist\u00e4 on varmasti t\u00f6rm\u00e4nnyt ravintolisien kaltaisiin tuotteisiin. Luonnolliset ravintolis\u00e4t voivat vaikuttaa my\u00f6nteisesti immuniteettiimme, antaa meille vitamiineja ja kivenn\u00e4isaineita ja poistaa niiden puutteita tai vaikuttaa my\u00f6nteisesti hiuksiimme. Nyky\u00e4\u00e4n markkinoilla on paljon t\u00e4llaisia tuotteita, joten kun harkitsemme niiden ostamista, emme aluksi tied\u00e4, mik\u00e4 niist\u00e4 on paras. Muiden internetin k\u00e4ytt\u00e4jien my\u00f6nteiset mielipiteet internetfoorumeilla voivat auttaa meit\u00e4 tekem\u00e4\u00e4n valinnan. On selv\u00e4\u00e4, ett\u00e4 jos joku puhuu jostakin asiasta hyv\u00e4\u00e4, haluamme automaattisesti kokeilla sit\u00e4 itse.<\/p>\n\n\n\n<p><br><strong>Ravintolisien k\u00e4ytt\u00f6<\/strong><br>Ravintolisien kaltaisten tuotteiden k\u00e4yt\u00f6n avulla jokainen meist\u00e4 voi huolehtia terveydest\u00e4\u00e4n. Korjaamme vitamiinipuutoksia tai aiheutamme sen, ett\u00e4 t\u00e4m\u00e4n tai tuon k\u00e4sikauppal\u00e4\u00e4kkeen k\u00e4yt\u00f6n ansiosta parannamme esimerkiksi hiuksiemme tai ihomme ulkon\u00e4k\u00f6\u00e4. Jokaista t\u00e4llaista lis\u00e4ravinetta mainostetaan televisiossa, joten me kaikki voimme oppia siit\u00e4 ja ostaa sit\u00e4, jos huomaamme itsess\u00e4mme vaivoja, jotka voidaan voittaa k\u00e4ytt\u00e4m\u00e4ll\u00e4 n\u00e4it\u00e4 tai muita luonnollisia ravintolisi\u00e4. On aina hyv\u00e4 idea testata jotain itsell\u00e4si, sill\u00e4 jos et testaa sit\u00e4, et koskaan tied\u00e4, oliko se sen arvoista.<\/p>\n\n\n\n<p><br><strong>Ravintolis\u00e4t<\/strong><br>Hyvin monet ihmiset kuluttavat nyky\u00e4\u00e4n ruokaa ilman, ett\u00e4 heid\u00e4n ruokavalionsa on v\u00e4ltt\u00e4m\u00e4tt\u00e4 tasapainossa oikein. Ravintolis\u00e4t toimivat t\u00e4ss\u00e4 tilanteessa eritt\u00e4in hyvin, sill\u00e4 niiden avulla voit t\u00e4ydent\u00e4\u00e4 kaikkia tarvittavia kivenn\u00e4isaineita. Mutta onko lis\u00e4ravinteiden sy\u00f6minen terveellist\u00e4? Eik\u00f6 ole parempi t\u00e4ydent\u00e4\u00e4 kaikkea kunnon ruokavaliolla? On varmasti parempi, jos jokainen meist\u00e4 arvioi itse, mik\u00e4 on h\u00e4nelle parempi. Jotkut haluavat muuttaa ruokavaliotaan, mutta toiset huomaavat, ett\u00e4 luonnolliset lis\u00e4ravinteet toimivat heille paremmin. T\u00e4rkeint\u00e4 on muistaa tasapainoinen ruokavalio ja terveellinen sy\u00f6minen.<\/p>\n<div id=\"ez-toc-container\" class=\"ez-toc-v2_0_82_2 counter-hierarchy ez-toc-counter ez-toc-grey ez-toc-container-direction\">\n<p class=\"ez-toc-title\" style=\"cursor:inherit\">Sis\u00e4llysluettelo<\/p>\n<label for=\"ez-toc-cssicon-toggle-item-69ef1bf944928\" class=\"ez-toc-cssicon-toggle-label\"><span class=\"\"><span class=\"eztoc-hide\" style=\"display:none;\">Toggle<\/span><span class=\"ez-toc-icon-toggle-span\"><svg style=\"fill: #999;color:#999\" xmlns=\"http:\/\/www.w3.org\/2000\/svg\" class=\"list-377408\" width=\"20px\" height=\"20px\" viewbox=\"0 0 24 24\" fill=\"none\"><path d=\"M6 6H4v2h2V6zm14 0H8v2h12V6zM4 11h2v2H4v-2zm16 0H8v2h12v-2zM4 16h2v2H4v-2zm16 0H8v2h12v-2z\" fill=\"currentColor\"><\/path><\/svg><svg style=\"fill: #999;color:#999\" class=\"arrow-unsorted-368013\" xmlns=\"http:\/\/www.w3.org\/2000\/svg\" width=\"10px\" height=\"10px\" viewbox=\"0 0 24 24\" version=\"1.2\" baseprofile=\"tiny\"><path d=\"M18.2 9.3l-6.2-6.3-6.2 6.3c-.2.2-.3.4-.3.7s.1.5.3.7c.2.2.4.3.7.3h11c.3 0 .5-.1.7-.3.2-.2.3-.5.3-.7s-.1-.5-.3-.7zM5.8 14.7l6.2 6.3 6.2-6.3c.2-.2.3-.5.3-.7s-.1-.5-.3-.7c-.2-.2-.4-.3-.7-.3h-11c-.3 0-.5.1-.7.3-.2.2-.3.5-.3.7s.1.5.3.7z\"\/><\/svg><\/span><\/span><\/label><input type=\"checkbox\"  id=\"ez-toc-cssicon-toggle-item-69ef1bf944928\"  aria-label=\"Toggle\" \/><nav><ul class='ez-toc-list ez-toc-list-level-1' ><li class='ez-toc-page-1 ez-toc-heading-level-2'><a class=\"ez-toc-link ez-toc-heading-1\" href=\"https:\/\/asdieta.com\/fi\/proflexen-huolehdi-nivelistasi-nivelet\/#Co_moze_powodowac_problemy_ze_stawami\" >Mik\u00e4 voi aiheuttaa nivelongelmia?<\/a><\/li><li class='ez-toc-page-1 ez-toc-heading-level-2'><a class=\"ez-toc-link ez-toc-heading-2\" href=\"https:\/\/asdieta.com\/fi\/proflexen-huolehdi-nivelistasi-nivelet\/#Co_w_takim_razie_robic_by_sie_przed_tym_ustrzec\" >Mit\u00e4 sitten voidaan tehd\u00e4 t\u00e4m\u00e4n varalta?<\/a><\/li><li class='ez-toc-page-1 ez-toc-heading-level-2'><a class=\"ez-toc-link ez-toc-heading-3\" href=\"https:\/\/asdieta.com\/fi\/proflexen-huolehdi-nivelistasi-nivelet\/#Najskuteczniejszy_w_USA_i_Europie\" >Menestynein Yhdysvalloissa ja Euroopassa!<\/a><\/li><li class='ez-toc-page-1 ez-toc-heading-level-2'><a class=\"ez-toc-link ez-toc-heading-4\" href=\"https:\/\/asdieta.com\/fi\/proflexen-huolehdi-nivelistasi-nivelet\/#Przebadany_klinicznie\" >Kliinisesti testattu!<\/a><\/li><li class='ez-toc-page-1 ez-toc-heading-level-2'><a class=\"ez-toc-link ez-toc-heading-5\" href=\"https:\/\/asdieta.com\/fi\/proflexen-huolehdi-nivelistasi-nivelet\/#Sprawdzony_naturalny_sklad\" >Todistettu, luonnollinen koostumus!<\/a><\/li><li class='ez-toc-page-1 ez-toc-heading-level-2'><a class=\"ez-toc-link ez-toc-heading-6\" href=\"https:\/\/asdieta.com\/fi\/proflexen-huolehdi-nivelistasi-nivelet\/#Doskonala_cena_naturalny_sklad_i_wylacznie_pochwalne_opinie_%E2%80%93_czego_trzeba_wiecej\" >Erinomainen hinta, luonnollinen koostumus ja vain ylist\u00e4v\u00e4t arvostelut - mit\u00e4 muuta tarvitset?<\/a><\/li><\/ul><\/nav><\/div>","protected":false},"excerpt":{"rendered":"<p>2023 grudzie\u0144 Z biegiem czasu pewne cz\u0119\u015bci naszego organizmu zaczynaj\u0105 si\u0119 zu\u017cywa\u0107 i utrudnia\u0107 nam \u017cycie w znacz\u0105cym stopniu. Nale\u017c\u0105 do nich mi\u0119dzy innymi stawy i zaniedbane mog\u0105 w bardzo du\u017cym stopniu zacz\u0105\u0107 utrudnia\u0107 nam \u017cycie. Zam\u00f3w ju\u017c teraz ProFlexen Ka\u017cdy, kto to prze\u017cy\u0142 doskonale wie o czym mowa&#8230; Z tego powodu warto zadba\u0107 o [&hellip;]<\/p>\n","protected":false},"author":1,"featured_media":322,"comment_status":"open","ping_status":"open","sticky":false,"template":"","format":"standard","meta":{"rating_form_position":"","rating_results_position":"","mr_structured_data_type":"","footnotes":""},"categories":[10],"tags":[],"class_list":["post-319","post","type-post","status-publish","format-standard","has-post-thumbnail","hentry","category-health"],"yoast_head":"<!-- This site is optimized with the Yoast SEO plugin v27.2 - https:\/\/yoast.com\/product\/yoast-seo-wordpress\/ -->\n<title>ProFlexen - Opinie, Cena, Efekty, Sk\u0142ad. Zadbaj o zdrowie swoich staw\u00f3w<\/title>\n<meta name=\"description\" content=\"Chcesz wzmocni\u0107 swoje stawy za pomoc\u0105 natury? Teraz jest to mo\u017cliwe. Dzi\u0119ki jednemu suplementowi diety mo\u017cesz na zawsze zapomie\u0107 o problemach ze stawami!\" \/>\n<meta name=\"robots\" content=\"index, follow, max-snippet:-1, max-image-preview:large, max-video-preview:-1\" \/>\n<link rel=\"canonical\" href=\"https:\/\/asdieta.com\/fi\/proflexen-huolehdi-nivelistasi-nivelet\/\" \/>\n<meta property=\"og:locale\" content=\"fi_FI\" \/>\n<meta property=\"og:type\" content=\"article\" \/>\n<meta property=\"og:title\" content=\"ProFlexen - Opinie, Cena, Efekty, Sk\u0142ad. Zadbaj o zdrowie swoich staw\u00f3w\" \/>\n<meta property=\"og:description\" content=\"Chcesz wzmocni\u0107 swoje stawy za pomoc\u0105 natury? Teraz jest to mo\u017cliwe. Dzi\u0119ki jednemu suplementowi diety mo\u017cesz na zawsze zapomie\u0107 o problemach ze stawami!\" \/>\n<meta property=\"og:url\" content=\"https:\/\/asdieta.com\/fi\/proflexen-huolehdi-nivelistasi-nivelet\/\" \/>\n<meta property=\"og:site_name\" content=\"As Dieta\" \/>\n<meta property=\"article:published_time\" content=\"2023-03-09T16:18:55+00:00\" \/>\n<meta property=\"og:image\" content=\"https:\/\/asdieta.com\/wp-content\/uploads\/2019\/07\/proflexen-pro6-1024x683.jpg\" \/>\n\t<meta property=\"og:image:width\" content=\"1024\" \/>\n\t<meta property=\"og:image:height\" content=\"683\" \/>\n\t<meta property=\"og:image:type\" content=\"image\/jpeg\" \/>\n<meta name=\"author\" content=\"Ania\" \/>\n<meta name=\"twitter:card\" content=\"summary_large_image\" \/>\n<meta name=\"twitter:label1\" content=\"Written by\" \/>\n\t<meta name=\"twitter:data1\" content=\"Ania\" \/>\n\t<meta name=\"twitter:label2\" content=\"Est. reading time\" \/>\n\t<meta name=\"twitter:data2\" content=\"7 minuuttia\" \/>\n<script type=\"application\/ld+json\" class=\"yoast-schema-graph\">{\"@context\":\"https:\/\/schema.org\",\"@graph\":[{\"@type\":\"Article\",\"@id\":\"https:\/\/asdieta.com\/proflexen-zadbaj-o-stawy\/#article\",\"isPartOf\":{\"@id\":\"https:\/\/asdieta.com\/it\/proflexen-prenditi-cura-delle-tue-articolazioni\/\"},\"author\":{\"name\":\"Ania\",\"@id\":\"https:\/\/asdieta.com\/et\/#\/schema\/person\/9055320e1699dfc52e959a80e3b32edf\"},\"headline\":\"ProFlexen &#8211; zadbaj o stawy.\",\"datePublished\":\"2023-03-09T16:18:55+00:00\",\"mainEntityOfPage\":{\"@id\":\"https:\/\/asdieta.com\/it\/proflexen-prenditi-cura-delle-tue-articolazioni\/\"},\"wordCount\":1371,\"commentCount\":0,\"publisher\":{\"@id\":\"https:\/\/asdieta.com\/et\/#organization\"},\"image\":{\"@id\":\"https:\/\/asdieta.com\/proflexen-zadbaj-o-stawy\/#primaryimage\"},\"thumbnailUrl\":\"https:\/\/asdieta.com\/wp-content\/uploads\/2019\/07\/proflexen-pro6.jpg\",\"articleSection\":[\"Zdrowie\"],\"inLanguage\":\"fi\",\"potentialAction\":[{\"@type\":\"CommentAction\",\"name\":\"Comment\",\"target\":[\"https:\/\/asdieta.com\/proflexen-zadbaj-o-stawy\/#respond\"]}]},{\"@type\":\"WebPage\",\"@id\":\"https:\/\/asdieta.com\/it\/proflexen-prenditi-cura-delle-tue-articolazioni\/\",\"url\":\"https:\/\/asdieta.com\/proflexen-zadbaj-o-stawy\/\",\"name\":\"ProFlexen - Opinie, Cena, Efekty, Sk\u0142ad. Zadbaj o zdrowie swoich staw\u00f3w\",\"isPartOf\":{\"@id\":\"https:\/\/asdieta.com\/et\/#website\"},\"primaryImageOfPage\":{\"@id\":\"https:\/\/asdieta.com\/proflexen-zadbaj-o-stawy\/#primaryimage\"},\"image\":{\"@id\":\"https:\/\/asdieta.com\/proflexen-zadbaj-o-stawy\/#primaryimage\"},\"thumbnailUrl\":\"https:\/\/asdieta.com\/wp-content\/uploads\/2019\/07\/proflexen-pro6.jpg\",\"datePublished\":\"2023-03-09T16:18:55+00:00\",\"description\":\"Chcesz wzmocni\u0107 swoje stawy za pomoc\u0105 natury? Teraz jest to mo\u017cliwe. Dzi\u0119ki jednemu suplementowi diety mo\u017cesz na zawsze zapomie\u0107 o problemach ze stawami!\",\"breadcrumb\":{\"@id\":\"https:\/\/asdieta.com\/proflexen-zadbaj-o-stawy\/#breadcrumb\"},\"inLanguage\":\"fi\",\"potentialAction\":[{\"@type\":\"ReadAction\",\"target\":[\"https:\/\/asdieta.com\/proflexen-zadbaj-o-stawy\/\"]}]},{\"@type\":\"ImageObject\",\"inLanguage\":\"fi\",\"@id\":\"https:\/\/asdieta.com\/proflexen-zadbaj-o-stawy\/#primaryimage\",\"url\":\"https:\/\/asdieta.com\/wp-content\/uploads\/2019\/07\/proflexen-pro6.jpg\",\"contentUrl\":\"https:\/\/asdieta.com\/wp-content\/uploads\/2019\/07\/proflexen-pro6.jpg\",\"width\":6720,\"height\":4480},{\"@type\":\"BreadcrumbList\",\"@id\":\"https:\/\/asdieta.com\/proflexen-zadbaj-o-stawy\/#breadcrumb\",\"itemListElement\":[{\"@type\":\"ListItem\",\"position\":1,\"name\":\"Strona g\u0142\u00f3wna\",\"item\":\"https:\/\/asdieta.com\/et\/\"},{\"@type\":\"ListItem\",\"position\":2,\"name\":\"ProFlexen &#8211; zadbaj o stawy.\"}]},{\"@type\":\"WebSite\",\"@id\":\"https:\/\/asdieta.com\/et\/#website\",\"url\":\"https:\/\/asdieta.com\/et\/\",\"name\":\"As Dieta\",\"description\":\"Blog o zdrowym trybie \u017cycia.\",\"publisher\":{\"@id\":\"https:\/\/asdieta.com\/et\/#organization\"},\"potentialAction\":[{\"@type\":\"SearchAction\",\"target\":{\"@type\":\"EntryPoint\",\"urlTemplate\":\"https:\/\/asdieta.com\/et\/?s={search_term_string}\"},\"query-input\":{\"@type\":\"PropertyValueSpecification\",\"valueRequired\":true,\"valueName\":\"search_term_string\"}}],\"inLanguage\":\"fi\"},{\"@type\":\"Organization\",\"@id\":\"https:\/\/asdieta.com\/et\/#organization\",\"name\":\"As Dieta\",\"url\":\"https:\/\/asdieta.com\/et\/\",\"logo\":{\"@type\":\"ImageObject\",\"inLanguage\":\"fi\",\"@id\":\"https:\/\/asdieta.com\/et\/#\/schema\/logo\/image\/\",\"url\":\"https:\/\/asdieta.com\/wp-content\/uploads\/2021\/11\/cropped-cover-1.png\",\"contentUrl\":\"https:\/\/asdieta.com\/wp-content\/uploads\/2021\/11\/cropped-cover-1.png\",\"width\":3500,\"height\":1167,\"caption\":\"As Dieta\"},\"image\":{\"@id\":\"https:\/\/asdieta.com\/et\/#\/schema\/logo\/image\/\"}},{\"@type\":\"Person\",\"@id\":\"https:\/\/asdieta.com\/et\/#\/schema\/person\/9055320e1699dfc52e959a80e3b32edf\",\"name\":\"Ania\",\"image\":{\"@type\":\"ImageObject\",\"inLanguage\":\"fi\",\"@id\":\"https:\/\/asdieta.com\/wp-content\/uploads\/2019\/09\/jonnelle-yankovich-lBWOnjLl9h4-unsplash-110x110.jpg\",\"url\":\"https:\/\/asdieta.com\/wp-content\/uploads\/2019\/09\/jonnelle-yankovich-lBWOnjLl9h4-unsplash-110x110.jpg\",\"contentUrl\":\"https:\/\/asdieta.com\/wp-content\/uploads\/2019\/09\/jonnelle-yankovich-lBWOnjLl9h4-unsplash-110x110.jpg\",\"caption\":\"Ania\"},\"description\":\"Entuzjastka zdrowego trybu \u017cycia i skutecznego odchudzania :)\",\"url\":\"https:\/\/asdieta.com\/fi\/author\/admin\/\"}]}<\/script>\n<!-- \/ Yoast SEO plugin. -->","yoast_head_json":{"title":"ProFlexen - Arvostelut, hinta, vaikutukset, koostumus. Huolehdi nivelten terveydest\u00e4","description":"Haluatko vahvistaa niveli\u00e4si luonnon avulla? Nyt se on mahdollista. Yhdell\u00e4 ravintolis\u00e4ll\u00e4 voit unohtaa nivelongelmat ikuisiksi ajoiksi!","robots":{"index":"index","follow":"follow","max-snippet":"max-snippet:-1","max-image-preview":"max-image-preview:large","max-video-preview":"max-video-preview:-1"},"canonical":"https:\/\/asdieta.com\/fi\/proflexen-huolehdi-nivelistasi-nivelet\/","og_locale":"fi_FI","og_type":"article","og_title":"ProFlexen - Opinie, Cena, Efekty, Sk\u0142ad. Zadbaj o zdrowie swoich staw\u00f3w","og_description":"Chcesz wzmocni\u0107 swoje stawy za pomoc\u0105 natury? Teraz jest to mo\u017cliwe. Dzi\u0119ki jednemu suplementowi diety mo\u017cesz na zawsze zapomie\u0107 o problemach ze stawami!","og_url":"https:\/\/asdieta.com\/fi\/proflexen-huolehdi-nivelistasi-nivelet\/","og_site_name":"As Dieta","article_published_time":"2023-03-09T16:18:55+00:00","og_image":[{"width":1024,"height":683,"url":"https:\/\/asdieta.com\/wp-content\/uploads\/2019\/07\/proflexen-pro6-1024x683.jpg","type":"image\/jpeg"}],"author":"Ania","twitter_card":"summary_large_image","twitter_misc":{"Written by":"Ania","Est. reading time":"7 minuuttia"},"schema":{"@context":"https:\/\/schema.org","@graph":[{"@type":"Article","@id":"https:\/\/asdieta.com\/proflexen-zadbaj-o-stawy\/#article","isPartOf":{"@id":"https:\/\/asdieta.com\/it\/proflexen-prenditi-cura-delle-tue-articolazioni\/"},"author":{"name":"Ania","@id":"https:\/\/asdieta.com\/et\/#\/schema\/person\/9055320e1699dfc52e959a80e3b32edf"},"headline":"ProFlexen &#8211; zadbaj o stawy.","datePublished":"2023-03-09T16:18:55+00:00","mainEntityOfPage":{"@id":"https:\/\/asdieta.com\/it\/proflexen-prenditi-cura-delle-tue-articolazioni\/"},"wordCount":1371,"commentCount":0,"publisher":{"@id":"https:\/\/asdieta.com\/et\/#organization"},"image":{"@id":"https:\/\/asdieta.com\/proflexen-zadbaj-o-stawy\/#primaryimage"},"thumbnailUrl":"https:\/\/asdieta.com\/wp-content\/uploads\/2019\/07\/proflexen-pro6.jpg","articleSection":["Zdrowie"],"inLanguage":"fi","potentialAction":[{"@type":"CommentAction","name":"Comment","target":["https:\/\/asdieta.com\/proflexen-zadbaj-o-stawy\/#respond"]}]},{"@type":"WebPage","@id":"https:\/\/asdieta.com\/it\/proflexen-prenditi-cura-delle-tue-articolazioni\/","url":"https:\/\/asdieta.com\/proflexen-zadbaj-o-stawy\/","name":"ProFlexen - Arvostelut, hinta, vaikutukset, koostumus. Huolehdi nivelten terveydest\u00e4","isPartOf":{"@id":"https:\/\/asdieta.com\/et\/#website"},"primaryImageOfPage":{"@id":"https:\/\/asdieta.com\/proflexen-zadbaj-o-stawy\/#primaryimage"},"image":{"@id":"https:\/\/asdieta.com\/proflexen-zadbaj-o-stawy\/#primaryimage"},"thumbnailUrl":"https:\/\/asdieta.com\/wp-content\/uploads\/2019\/07\/proflexen-pro6.jpg","datePublished":"2023-03-09T16:18:55+00:00","description":"Haluatko vahvistaa niveli\u00e4si luonnon avulla? Nyt se on mahdollista. Yhdell\u00e4 ravintolis\u00e4ll\u00e4 voit unohtaa nivelongelmat ikuisiksi ajoiksi!","breadcrumb":{"@id":"https:\/\/asdieta.com\/proflexen-zadbaj-o-stawy\/#breadcrumb"},"inLanguage":"fi","potentialAction":[{"@type":"ReadAction","target":["https:\/\/asdieta.com\/proflexen-zadbaj-o-stawy\/"]}]},{"@type":"ImageObject","inLanguage":"fi","@id":"https:\/\/asdieta.com\/proflexen-zadbaj-o-stawy\/#primaryimage","url":"https:\/\/asdieta.com\/wp-content\/uploads\/2019\/07\/proflexen-pro6.jpg","contentUrl":"https:\/\/asdieta.com\/wp-content\/uploads\/2019\/07\/proflexen-pro6.jpg","width":6720,"height":4480},{"@type":"BreadcrumbList","@id":"https:\/\/asdieta.com\/proflexen-zadbaj-o-stawy\/#breadcrumb","itemListElement":[{"@type":"ListItem","position":1,"name":"Strona g\u0142\u00f3wna","item":"https:\/\/asdieta.com\/et\/"},{"@type":"ListItem","position":2,"name":"ProFlexen &#8211; zadbaj o stawy."}]},{"@type":"WebSite","@id":"https:\/\/asdieta.com\/et\/#website","url":"https:\/\/asdieta.com\/et\/","name":"Ruokavaliona","description":"Blogi terveellisest\u00e4 el\u00e4m\u00e4st\u00e4.","publisher":{"@id":"https:\/\/asdieta.com\/et\/#organization"},"potentialAction":[{"@type":"SearchAction","target":{"@type":"EntryPoint","urlTemplate":"https:\/\/asdieta.com\/et\/?s={search_term_string}"},"query-input":{"@type":"PropertyValueSpecification","valueRequired":true,"valueName":"search_term_string"}}],"inLanguage":"fi"},{"@type":"Organization","@id":"https:\/\/asdieta.com\/et\/#organization","name":"Ruokavaliona","url":"https:\/\/asdieta.com\/et\/","logo":{"@type":"ImageObject","inLanguage":"fi","@id":"https:\/\/asdieta.com\/et\/#\/schema\/logo\/image\/","url":"https:\/\/asdieta.com\/wp-content\/uploads\/2021\/11\/cropped-cover-1.png","contentUrl":"https:\/\/asdieta.com\/wp-content\/uploads\/2021\/11\/cropped-cover-1.png","width":3500,"height":1167,"caption":"As Dieta"},"image":{"@id":"https:\/\/asdieta.com\/et\/#\/schema\/logo\/image\/"}},{"@type":"Person","@id":"https:\/\/asdieta.com\/et\/#\/schema\/person\/9055320e1699dfc52e959a80e3b32edf","name":"Ania","image":{"@type":"ImageObject","inLanguage":"fi","@id":"https:\/\/asdieta.com\/wp-content\/uploads\/2019\/09\/jonnelle-yankovich-lBWOnjLl9h4-unsplash-110x110.jpg","url":"https:\/\/asdieta.com\/wp-content\/uploads\/2019\/09\/jonnelle-yankovich-lBWOnjLl9h4-unsplash-110x110.jpg","contentUrl":"https:\/\/asdieta.com\/wp-content\/uploads\/2019\/09\/jonnelle-yankovich-lBWOnjLl9h4-unsplash-110x110.jpg","caption":"Ania"},"description":"Terveellisten el\u00e4m\u00e4ntapojen ja tehokkaan laihdutuksen harrastaja :)","url":"https:\/\/asdieta.com\/fi\/author\/admin\/"}]}},"multi-rating":{"mr_rating_results":[{"adjusted_star_result":3.5,"star_result":3.5,"total_max_option_value":5,"adjusted_score_result":3.5,"score_result":3.5,"percentage_result":70,"adjusted_percentage_result":70,"count":2,"post_id":319}]},"_links":{"self":[{"href":"https:\/\/asdieta.com\/fi\/wp-json\/wp\/v2\/posts\/319","targetHints":{"allow":["GET"]}}],"collection":[{"href":"https:\/\/asdieta.com\/fi\/wp-json\/wp\/v2\/posts"}],"about":[{"href":"https:\/\/asdieta.com\/fi\/wp-json\/wp\/v2\/types\/post"}],"author":[{"embeddable":true,"href":"https:\/\/asdieta.com\/fi\/wp-json\/wp\/v2\/users\/1"}],"replies":[{"embeddable":true,"href":"https:\/\/asdieta.com\/fi\/wp-json\/wp\/v2\/comments?post=319"}],"version-history":[{"count":10,"href":"https:\/\/asdieta.com\/fi\/wp-json\/wp\/v2\/posts\/319\/revisions"}],"predecessor-version":[{"id":4486,"href":"https:\/\/asdieta.com\/fi\/wp-json\/wp\/v2\/posts\/319\/revisions\/4486"}],"wp:featuredmedia":[{"embeddable":true,"href":"https:\/\/asdieta.com\/fi\/wp-json\/wp\/v2\/media\/322"}],"wp:attachment":[{"href":"https:\/\/asdieta.com\/fi\/wp-json\/wp\/v2\/media?parent=319"}],"wp:term":[{"taxonomy":"category","embeddable":true,"href":"https:\/\/asdieta.com\/fi\/wp-json\/wp\/v2\/categories?post=319"},{"taxonomy":"post_tag","embeddable":true,"href":"https:\/\/asdieta.com\/fi\/wp-json\/wp\/v2\/tags?post=319"}],"curies":[{"name":"wp","href":"https:\/\/api.w.org\/{rel}","templated":true}]}}