{"id":4580,"date":"2023-04-18T10:30:37","date_gmt":"2023-04-18T10:30:37","guid":{"rendered":"https:\/\/asdieta.com\/?p=4580"},"modified":"2023-04-18T10:30:38","modified_gmt":"2023-04-18T10:30:38","slug":"kosmetyczka-kluczowy-zawod-w-branzy-urody-i-dbania-o-siebie","status":"publish","type":"post","link":"https:\/\/asdieta.com\/es\/esteticista-oficio-clave-en-belleza-y-cuidado-de-usted-mismo\/","title":{"rendered":"Esteticista - Una profesi\u00f3n clave en la industria de la belleza y el cuidado personal"},"content":{"rendered":"<p>Introducci\u00f3n:<\/p>\n\n\n\n<p>Un esteticista es un profesional cualificado cuyo principal objetivo es mejorar y mantener la salud y la est\u00e9tica de la piel de la cara y el cuerpo. En el mundo actual, en el que el cuidado de la belleza y el aspecto f\u00edsico cobran cada vez m\u00e1s importancia, el papel de la esteticista es cada vez m\u00e1s importante. En este art\u00edculo examinamos m\u00e1s de cerca la profesi\u00f3n de esteticista, sus funciones, requisitos de formaci\u00f3n y tendencias en la industria de la belleza.<\/p>\n\n\n\n<p>Funciones de la esteticista:<\/p>\n\n\n\n<p>Las esteticistas realizan una amplia gama de servicios para mejorar el aspecto y el estado de la piel de la cara y el cuerpo, como:<\/p>\n\n\n\n<ol class=\"wp-block-list\"><li>Limpieza facial: Eliminar impurezas, maquillaje y piel muerta para dejar la piel fresca y nutrida.<\/li><li>Peelings qu\u00edmicos: Utilizando los \u00e1cidos adecuados para exfoliar la piel muerta, reducir la hiperpigmentaci\u00f3n, las arrugas o el acn\u00e9.<\/li><li>Masajes faciales y corporales: Realizaci\u00f3n de masajes para mejorar la circulaci\u00f3n, flexibilizar la piel y relajar al cliente.<\/li><li>Depilaci\u00f3n: eliminaci\u00f3n del vello no deseado mediante diversas t\u00e9cnicas como la cera, la depilaci\u00f3n l\u00e1ser o la electr\u00f3lisis.<\/li><li>Maquillaje: Maquillaje profesional para diversas ocasiones, como bodas, sesiones fotogr\u00e1ficas y eventos.<\/li><li>Manicura y pedicura: Cuidado de manos y pies, consistente en dar forma y pintar las u\u00f1as, as\u00ed como el cuidado de la piel de manos y pies.<\/li><li>Formaci\u00f3n y asesoramiento: asesorar sobre el cuidado de la piel, elegir los cosm\u00e9ticos adecuados y ofrecer formaci\u00f3n en cosm\u00e9tica.<\/li><\/ol>\n\n\n\n<div class=\"wp-block-image\"><figure class=\"aligncenter size-full is-resized\"><img loading=\"lazy\" decoding=\"async\" src=\"https:\/\/asdieta.com\/wp-content\/uploads\/2023\/04\/cosmetics-g9d4ec1005_640.jpg\" alt=\"\" class=\"wp-image-4581\" width=\"373\" height=\"249\" srcset=\"https:\/\/asdieta.com\/wp-content\/uploads\/2023\/04\/cosmetics-g9d4ec1005_640.jpg 640w, https:\/\/asdieta.com\/wp-content\/uploads\/2023\/04\/cosmetics-g9d4ec1005_640-300x200.jpg 300w, https:\/\/asdieta.com\/wp-content\/uploads\/2023\/04\/cosmetics-g9d4ec1005_640-18x12.jpg 18w, https:\/\/asdieta.com\/wp-content\/uploads\/2023\/04\/cosmetics-g9d4ec1005_640-110x73.jpg 110w, https:\/\/asdieta.com\/wp-content\/uploads\/2023\/04\/cosmetics-g9d4ec1005_640-420x280.jpg 420w\" sizes=\"auto, (max-width: 373px) 100vw, 373px\" \/><\/figure><\/div>\n\n\n\n<p>Requisitos de formaci\u00f3n:<\/p>\n\n\n\n<p>Para ser esteticista, hay que completar la formaci\u00f3n y las cualificaciones adecuadas. En Polonia, una futura esteticista debe cursar estudios postsecundarios o cursos de cosmetolog\u00eda. Tambi\u00e9n es importante adquirir experiencia laboral, por ejemplo mediante pr\u00e1cticas o aprendizaje. En algunos pa\u00edses, como Estados Unidos, es necesario obtener una licencia de cosmetolog\u00eda y aprobar un examen estatal.<\/p>\n\n\n\n<p>Comprueba <a href=\"https:\/\/perlacity-klinika.pl\/\" target=\"_blank\">perlacity-klinika kosmetyczka szczecin<\/a><\/p>\n\n\n\n<p>Tendencias en la industria de la belleza:<\/p>\n\n\n\n<p>El sector de la belleza evoluciona constantemente, por lo que es esencial que los esteticistas se mantengan al d\u00eda de las \u00faltimas tendencias y tecnolog\u00edas. He aqu\u00ed algunas de ellas:<\/p>\n\n\n\n<ol class=\"wp-block-list\"><li>Cosmetolog\u00eda ecol\u00f3gica: el creciente inter\u00e9s por los productos ecol\u00f3gicos y naturales est\u00e1 dando lugar a un mayor \u00e9nfasis en el uso de cosm\u00e9ticos de origen vegetal y pr\u00e1cticas sostenibles en los salones de belleza.<\/li><li>Tecnolog\u00eda en cosmetolog\u00eda: tecnolog\u00edas modernas como la microdermoabrasi\u00f3n, los ultrasonidos y la mesoterapia sin agujas son cada vez m\u00e1s populares como m\u00e9todos para mejorar el estado de la piel.<\/li><li>Personalizaci\u00f3n: individualizar al cliente, adaptar los tratamientos a sus necesidades espec\u00edficas y analizar la piel con equipos modernos son pr\u00e1cticas cada vez m\u00e1s comunes en los salones de belleza.<\/li><li>Cuidados hol\u00edsticos: el creciente inter\u00e9s por estilos de vida saludables se traduce en un enfoque hol\u00edstico en cosmetolog\u00eda. Los esteticistas prestan cada vez m\u00e1s atenci\u00f3n al impacto de la dieta, los h\u00e1bitos de vida o el estado emocional en el estado de la piel de sus clientes.<\/li><\/ol>\n\n\n\n<div class=\"wp-block-image\"><figure class=\"aligncenter size-full is-resized\"><img loading=\"lazy\" decoding=\"async\" src=\"https:\/\/asdieta.com\/wp-content\/uploads\/2023\/04\/spa-g33c552c8f_640.jpg\" alt=\"\" class=\"wp-image-4583\" width=\"384\" height=\"256\" srcset=\"https:\/\/asdieta.com\/wp-content\/uploads\/2023\/04\/spa-g33c552c8f_640.jpg 640w, https:\/\/asdieta.com\/wp-content\/uploads\/2023\/04\/spa-g33c552c8f_640-300x200.jpg 300w, https:\/\/asdieta.com\/wp-content\/uploads\/2023\/04\/spa-g33c552c8f_640-18x12.jpg 18w, https:\/\/asdieta.com\/wp-content\/uploads\/2023\/04\/spa-g33c552c8f_640-110x73.jpg 110w, https:\/\/asdieta.com\/wp-content\/uploads\/2023\/04\/spa-g33c552c8f_640-420x280.jpg 420w\" sizes=\"auto, (max-width: 384px) 100vw, 384px\" \/><\/figure><\/div>\n\n\n\n<p>El papel de la esteticista en la mejora de la calidad de vida:<\/p>\n\n\n\n<p>Las esteticistas desempe\u00f1an un papel importante en la mejora de la calidad de vida de sus clientes, ya que sus servicios afectan a la autoestima, la confianza y el bienestar general. Un cuidado adecuado de la piel puede ayudar a prevenir el envejecimiento prematuro, mantener la salud de la piel y mejorar la apariencia, lo que influye en la autopercepci\u00f3n y en la mejora de las relaciones con los dem\u00e1s.<\/p>\n\n\n\n<div class=\"wp-block-image\"><figure class=\"aligncenter size-full is-resized\"><img loading=\"lazy\" decoding=\"async\" src=\"https:\/\/asdieta.com\/wp-content\/uploads\/2023\/04\/cosmetics-gdda8f3bf7_640.jpg\" alt=\"\" class=\"wp-image-4582\" width=\"349\" height=\"233\" srcset=\"https:\/\/asdieta.com\/wp-content\/uploads\/2023\/04\/cosmetics-gdda8f3bf7_640.jpg 640w, https:\/\/asdieta.com\/wp-content\/uploads\/2023\/04\/cosmetics-gdda8f3bf7_640-300x200.jpg 300w, https:\/\/asdieta.com\/wp-content\/uploads\/2023\/04\/cosmetics-gdda8f3bf7_640-18x12.jpg 18w, https:\/\/asdieta.com\/wp-content\/uploads\/2023\/04\/cosmetics-gdda8f3bf7_640-110x73.jpg 110w, https:\/\/asdieta.com\/wp-content\/uploads\/2023\/04\/cosmetics-gdda8f3bf7_640-420x280.jpg 420w\" sizes=\"auto, (max-width: 349px) 100vw, 349px\" \/><\/figure><\/div>\n\n\n\n<p>Resumen:<\/p>\n\n\n\n<p>La esteticista es una profesi\u00f3n clave en la industria de la belleza que abarca una amplia gama de servicios para mejorar y mantener la salud y la est\u00e9tica de la piel de la cara y el cuerpo. Para ser esteticista, es necesario obtener la formaci\u00f3n y la experiencia adecuadas. En el mundo actual, en el que la belleza y el cuidado de la apariencia cobran cada vez m\u00e1s importancia, el papel de la esteticista es cada vez m\u00e1s importante. La profesi\u00f3n requiere formaci\u00f3n continua y estar al d\u00eda de las tendencias para satisfacer las expectativas de los clientes y utilizar tecnolog\u00edas y enfoques modernos en el trabajo.<\/p>","protected":false},"excerpt":{"rendered":"<p>Wst\u0119p: Kosmetyczka to wykwalifikowany specjalista, kt\u00f3rego g\u0142\u00f3wnym celem jest poprawa i utrzymanie zdrowia oraz estetyki sk\u00f3ry twarzy i cia\u0142a. W dzisiejszym \u015bwiecie, w kt\u00f3rym dbanie o urod\u0119 i wygl\u0105d zewn\u0119trzny zyskuje na znaczeniu, rola kosmetyczki staje si\u0119 coraz bardziej istotna. W tym artykule przyjrzymy si\u0119 bli\u017cej zawodowi kosmetyczki, jej obowi\u0105zkom, wymaganiom edukacyjnym oraz trendom w [&hellip;]<\/p>\n","protected":false},"author":1,"featured_media":4584,"comment_status":"open","ping_status":"open","sticky":false,"template":"","format":"standard","meta":{"rating_form_position":"","rating_results_position":"","mr_structured_data_type":"","footnotes":""},"categories":[10],"tags":[],"class_list":["post-4580","post","type-post","status-publish","format-standard","has-post-thumbnail","hentry","category-health"],"yoast_head":"<!-- This site is optimized with the Yoast SEO plugin v27.2 - https:\/\/yoast.com\/product\/yoast-seo-wordpress\/ -->\n<title>Kosmetyczka - Kluczowy zaw\u00f3d w bran\u017cy urody i dbania o siebie - As Dieta<\/title>\n<meta name=\"robots\" content=\"index, follow, max-snippet:-1, max-image-preview:large, max-video-preview:-1\" \/>\n<link rel=\"canonical\" href=\"https:\/\/asdieta.com\/es\/estetista-chiave-occupazione-nella-bellezza-e-cura-di-se\/\" \/>\n<meta property=\"og:locale\" content=\"es_ES\" \/>\n<meta property=\"og:type\" content=\"article\" \/>\n<meta property=\"og:title\" content=\"Kosmetyczka - Kluczowy zaw\u00f3d w bran\u017cy urody i dbania o siebie - As Dieta\" \/>\n<meta property=\"og:description\" content=\"Wst\u0119p: Kosmetyczka to wykwalifikowany specjalista, kt\u00f3rego g\u0142\u00f3wnym celem jest poprawa i utrzymanie zdrowia oraz estetyki sk\u00f3ry twarzy i cia\u0142a. W dzisiejszym \u015bwiecie, w kt\u00f3rym dbanie o urod\u0119 i wygl\u0105d zewn\u0119trzny zyskuje na znaczeniu, rola kosmetyczki staje si\u0119 coraz bardziej istotna. W tym artykule przyjrzymy si\u0119 bli\u017cej zawodowi kosmetyczki, jej obowi\u0105zkom, wymaganiom edukacyjnym oraz trendom w [&hellip;]\" \/>\n<meta property=\"og:url\" content=\"https:\/\/asdieta.com\/es\/estetista-chiave-occupazione-nella-bellezza-e-cura-di-se\/\" \/>\n<meta property=\"og:site_name\" content=\"As Dieta\" \/>\n<meta property=\"article:published_time\" content=\"2023-04-18T10:30:37+00:00\" \/>\n<meta property=\"article:modified_time\" content=\"2023-04-18T10:30:38+00:00\" \/>\n<meta property=\"og:image\" content=\"https:\/\/asdieta.com\/wp-content\/uploads\/2023\/04\/beautician-g59ee43c4b_640.jpg\" \/>\n\t<meta property=\"og:image:width\" content=\"640\" \/>\n\t<meta property=\"og:image:height\" content=\"427\" \/>\n\t<meta property=\"og:image:type\" content=\"image\/jpeg\" \/>\n<meta name=\"author\" content=\"Ania\" \/>\n<meta name=\"twitter:card\" content=\"summary_large_image\" \/>\n<meta name=\"twitter:label1\" content=\"Escrito por\" \/>\n\t<meta name=\"twitter:data1\" content=\"Ania\" \/>\n\t<meta name=\"twitter:label2\" content=\"Tiempo de lectura\" \/>\n\t<meta name=\"twitter:data2\" content=\"3 minutos\" \/>\n<script type=\"application\/ld+json\" class=\"yoast-schema-graph\">{\"@context\":\"https:\/\/schema.org\",\"@graph\":[{\"@type\":\"Article\",\"@id\":\"https:\/\/asdieta.com\/it\/estetista-chiave-occupazione-nella-bellezza-e-cura-di-se\/#article\",\"isPartOf\":{\"@id\":\"https:\/\/asdieta.com\/it\/estetista-chiave-occupazione-nella-bellezza-e-cura-di-se\/\"},\"author\":{\"name\":\"Ania\",\"@id\":\"https:\/\/asdieta.com\/et\/#\/schema\/person\/9055320e1699dfc52e959a80e3b32edf\"},\"headline\":\"Kosmetyczka &#8211; Kluczowy zaw\u00f3d w bran\u017cy urody i dbania o siebie\",\"datePublished\":\"2023-04-18T10:30:37+00:00\",\"dateModified\":\"2023-04-18T10:30:38+00:00\",\"mainEntityOfPage\":{\"@id\":\"https:\/\/asdieta.com\/it\/estetista-chiave-occupazione-nella-bellezza-e-cura-di-se\/\"},\"wordCount\":631,\"commentCount\":0,\"publisher\":{\"@id\":\"https:\/\/asdieta.com\/et\/#organization\"},\"image\":{\"@id\":\"https:\/\/asdieta.com\/it\/estetista-chiave-occupazione-nella-bellezza-e-cura-di-se\/#primaryimage\"},\"thumbnailUrl\":\"https:\/\/asdieta.com\/wp-content\/uploads\/2023\/04\/beautician-g59ee43c4b_640.jpg\",\"articleSection\":[\"Zdrowie\"],\"inLanguage\":\"es\",\"potentialAction\":[{\"@type\":\"CommentAction\",\"name\":\"Comment\",\"target\":[\"https:\/\/asdieta.com\/it\/estetista-chiave-occupazione-nella-bellezza-e-cura-di-se\/#respond\"]}]},{\"@type\":\"WebPage\",\"@id\":\"https:\/\/asdieta.com\/it\/estetista-chiave-occupazione-nella-bellezza-e-cura-di-se\/\",\"url\":\"https:\/\/asdieta.com\/it\/estetista-chiave-occupazione-nella-bellezza-e-cura-di-se\/\",\"name\":\"Kosmetyczka - Kluczowy zaw\u00f3d w bran\u017cy urody i dbania o siebie - As Dieta\",\"isPartOf\":{\"@id\":\"https:\/\/asdieta.com\/et\/#website\"},\"primaryImageOfPage\":{\"@id\":\"https:\/\/asdieta.com\/it\/estetista-chiave-occupazione-nella-bellezza-e-cura-di-se\/#primaryimage\"},\"image\":{\"@id\":\"https:\/\/asdieta.com\/it\/estetista-chiave-occupazione-nella-bellezza-e-cura-di-se\/#primaryimage\"},\"thumbnailUrl\":\"https:\/\/asdieta.com\/wp-content\/uploads\/2023\/04\/beautician-g59ee43c4b_640.jpg\",\"datePublished\":\"2023-04-18T10:30:37+00:00\",\"dateModified\":\"2023-04-18T10:30:38+00:00\",\"breadcrumb\":{\"@id\":\"https:\/\/asdieta.com\/it\/estetista-chiave-occupazione-nella-bellezza-e-cura-di-se\/#breadcrumb\"},\"inLanguage\":\"es\",\"potentialAction\":[{\"@type\":\"ReadAction\",\"target\":[\"https:\/\/asdieta.com\/it\/estetista-chiave-occupazione-nella-bellezza-e-cura-di-se\/\"]}]},{\"@type\":\"ImageObject\",\"inLanguage\":\"es\",\"@id\":\"https:\/\/asdieta.com\/it\/estetista-chiave-occupazione-nella-bellezza-e-cura-di-se\/#primaryimage\",\"url\":\"https:\/\/asdieta.com\/wp-content\/uploads\/2023\/04\/beautician-g59ee43c4b_640.jpg\",\"contentUrl\":\"https:\/\/asdieta.com\/wp-content\/uploads\/2023\/04\/beautician-g59ee43c4b_640.jpg\",\"width\":640,\"height\":427},{\"@type\":\"BreadcrumbList\",\"@id\":\"https:\/\/asdieta.com\/it\/estetista-chiave-occupazione-nella-bellezza-e-cura-di-se\/#breadcrumb\",\"itemListElement\":[{\"@type\":\"ListItem\",\"position\":1,\"name\":\"Strona g\u0142\u00f3wna\",\"item\":\"https:\/\/asdieta.com\/et\/\"},{\"@type\":\"ListItem\",\"position\":2,\"name\":\"Kosmetyczka &#8211; Kluczowy zaw\u00f3d w bran\u017cy urody i dbania o siebie\"}]},{\"@type\":\"WebSite\",\"@id\":\"https:\/\/asdieta.com\/et\/#website\",\"url\":\"https:\/\/asdieta.com\/et\/\",\"name\":\"As Dieta\",\"description\":\"Blog o zdrowym trybie \u017cycia.\",\"publisher\":{\"@id\":\"https:\/\/asdieta.com\/et\/#organization\"},\"potentialAction\":[{\"@type\":\"SearchAction\",\"target\":{\"@type\":\"EntryPoint\",\"urlTemplate\":\"https:\/\/asdieta.com\/et\/?s={search_term_string}\"},\"query-input\":{\"@type\":\"PropertyValueSpecification\",\"valueRequired\":true,\"valueName\":\"search_term_string\"}}],\"inLanguage\":\"es\"},{\"@type\":\"Organization\",\"@id\":\"https:\/\/asdieta.com\/et\/#organization\",\"name\":\"As Dieta\",\"url\":\"https:\/\/asdieta.com\/et\/\",\"logo\":{\"@type\":\"ImageObject\",\"inLanguage\":\"es\",\"@id\":\"https:\/\/asdieta.com\/et\/#\/schema\/logo\/image\/\",\"url\":\"https:\/\/asdieta.com\/wp-content\/uploads\/2021\/11\/cropped-cover-1.png\",\"contentUrl\":\"https:\/\/asdieta.com\/wp-content\/uploads\/2021\/11\/cropped-cover-1.png\",\"width\":3500,\"height\":1167,\"caption\":\"As Dieta\"},\"image\":{\"@id\":\"https:\/\/asdieta.com\/et\/#\/schema\/logo\/image\/\"}},{\"@type\":\"Person\",\"@id\":\"https:\/\/asdieta.com\/et\/#\/schema\/person\/9055320e1699dfc52e959a80e3b32edf\",\"name\":\"Ania\",\"image\":{\"@type\":\"ImageObject\",\"inLanguage\":\"es\",\"@id\":\"https:\/\/asdieta.com\/wp-content\/uploads\/2019\/09\/jonnelle-yankovich-lBWOnjLl9h4-unsplash-110x110.jpg\",\"url\":\"https:\/\/asdieta.com\/wp-content\/uploads\/2019\/09\/jonnelle-yankovich-lBWOnjLl9h4-unsplash-110x110.jpg\",\"contentUrl\":\"https:\/\/asdieta.com\/wp-content\/uploads\/2019\/09\/jonnelle-yankovich-lBWOnjLl9h4-unsplash-110x110.jpg\",\"caption\":\"Ania\"},\"description\":\"Entuzjastka zdrowego trybu \u017cycia i skutecznego odchudzania :)\",\"url\":\"https:\/\/asdieta.com\/es\/author\/admin\/\"}]}<\/script>\n<!-- \/ Yoast SEO plugin. -->","yoast_head_json":{"title":"Esteticista - Una profesi\u00f3n clave en la industria de la belleza y el cuidado personal - Ace Diet","robots":{"index":"index","follow":"follow","max-snippet":"max-snippet:-1","max-image-preview":"max-image-preview:large","max-video-preview":"max-video-preview:-1"},"canonical":"https:\/\/asdieta.com\/es\/estetista-chiave-occupazione-nella-bellezza-e-cura-di-se\/","og_locale":"es_ES","og_type":"article","og_title":"Kosmetyczka - Kluczowy zaw\u00f3d w bran\u017cy urody i dbania o siebie - As Dieta","og_description":"Wst\u0119p: Kosmetyczka to wykwalifikowany specjalista, kt\u00f3rego g\u0142\u00f3wnym celem jest poprawa i utrzymanie zdrowia oraz estetyki sk\u00f3ry twarzy i cia\u0142a. W dzisiejszym \u015bwiecie, w kt\u00f3rym dbanie o urod\u0119 i wygl\u0105d zewn\u0119trzny zyskuje na znaczeniu, rola kosmetyczki staje si\u0119 coraz bardziej istotna. W tym artykule przyjrzymy si\u0119 bli\u017cej zawodowi kosmetyczki, jej obowi\u0105zkom, wymaganiom edukacyjnym oraz trendom w [&hellip;]","og_url":"https:\/\/asdieta.com\/es\/estetista-chiave-occupazione-nella-bellezza-e-cura-di-se\/","og_site_name":"As Dieta","article_published_time":"2023-04-18T10:30:37+00:00","article_modified_time":"2023-04-18T10:30:38+00:00","og_image":[{"width":640,"height":427,"url":"https:\/\/asdieta.com\/wp-content\/uploads\/2023\/04\/beautician-g59ee43c4b_640.jpg","type":"image\/jpeg"}],"author":"Ania","twitter_card":"summary_large_image","twitter_misc":{"Escrito por":"Ania","Tiempo de lectura":"3 minutos"},"schema":{"@context":"https:\/\/schema.org","@graph":[{"@type":"Article","@id":"https:\/\/asdieta.com\/it\/estetista-chiave-occupazione-nella-bellezza-e-cura-di-se\/#article","isPartOf":{"@id":"https:\/\/asdieta.com\/it\/estetista-chiave-occupazione-nella-bellezza-e-cura-di-se\/"},"author":{"name":"Ania","@id":"https:\/\/asdieta.com\/et\/#\/schema\/person\/9055320e1699dfc52e959a80e3b32edf"},"headline":"Kosmetyczka &#8211; Kluczowy zaw\u00f3d w bran\u017cy urody i dbania o siebie","datePublished":"2023-04-18T10:30:37+00:00","dateModified":"2023-04-18T10:30:38+00:00","mainEntityOfPage":{"@id":"https:\/\/asdieta.com\/it\/estetista-chiave-occupazione-nella-bellezza-e-cura-di-se\/"},"wordCount":631,"commentCount":0,"publisher":{"@id":"https:\/\/asdieta.com\/et\/#organization"},"image":{"@id":"https:\/\/asdieta.com\/it\/estetista-chiave-occupazione-nella-bellezza-e-cura-di-se\/#primaryimage"},"thumbnailUrl":"https:\/\/asdieta.com\/wp-content\/uploads\/2023\/04\/beautician-g59ee43c4b_640.jpg","articleSection":["Zdrowie"],"inLanguage":"es","potentialAction":[{"@type":"CommentAction","name":"Comment","target":["https:\/\/asdieta.com\/it\/estetista-chiave-occupazione-nella-bellezza-e-cura-di-se\/#respond"]}]},{"@type":"WebPage","@id":"https:\/\/asdieta.com\/it\/estetista-chiave-occupazione-nella-bellezza-e-cura-di-se\/","url":"https:\/\/asdieta.com\/it\/estetista-chiave-occupazione-nella-bellezza-e-cura-di-se\/","name":"Esteticista - Una profesi\u00f3n clave en la industria de la belleza y el cuidado personal - Ace Diet","isPartOf":{"@id":"https:\/\/asdieta.com\/et\/#website"},"primaryImageOfPage":{"@id":"https:\/\/asdieta.com\/it\/estetista-chiave-occupazione-nella-bellezza-e-cura-di-se\/#primaryimage"},"image":{"@id":"https:\/\/asdieta.com\/it\/estetista-chiave-occupazione-nella-bellezza-e-cura-di-se\/#primaryimage"},"thumbnailUrl":"https:\/\/asdieta.com\/wp-content\/uploads\/2023\/04\/beautician-g59ee43c4b_640.jpg","datePublished":"2023-04-18T10:30:37+00:00","dateModified":"2023-04-18T10:30:38+00:00","breadcrumb":{"@id":"https:\/\/asdieta.com\/it\/estetista-chiave-occupazione-nella-bellezza-e-cura-di-se\/#breadcrumb"},"inLanguage":"es","potentialAction":[{"@type":"ReadAction","target":["https:\/\/asdieta.com\/it\/estetista-chiave-occupazione-nella-bellezza-e-cura-di-se\/"]}]},{"@type":"ImageObject","inLanguage":"es","@id":"https:\/\/asdieta.com\/it\/estetista-chiave-occupazione-nella-bellezza-e-cura-di-se\/#primaryimage","url":"https:\/\/asdieta.com\/wp-content\/uploads\/2023\/04\/beautician-g59ee43c4b_640.jpg","contentUrl":"https:\/\/asdieta.com\/wp-content\/uploads\/2023\/04\/beautician-g59ee43c4b_640.jpg","width":640,"height":427},{"@type":"BreadcrumbList","@id":"https:\/\/asdieta.com\/it\/estetista-chiave-occupazione-nella-bellezza-e-cura-di-se\/#breadcrumb","itemListElement":[{"@type":"ListItem","position":1,"name":"Strona g\u0142\u00f3wna","item":"https:\/\/asdieta.com\/et\/"},{"@type":"ListItem","position":2,"name":"Kosmetyczka &#8211; Kluczowy zaw\u00f3d w bran\u017cy urody i dbania o siebie"}]},{"@type":"WebSite","@id":"https:\/\/asdieta.com\/et\/#website","url":"https:\/\/asdieta.com\/et\/","name":"Como dieta","description":"Un blog sobre la vida sana.","publisher":{"@id":"https:\/\/asdieta.com\/et\/#organization"},"potentialAction":[{"@type":"SearchAction","target":{"@type":"EntryPoint","urlTemplate":"https:\/\/asdieta.com\/et\/?s={search_term_string}"},"query-input":{"@type":"PropertyValueSpecification","valueRequired":true,"valueName":"search_term_string"}}],"inLanguage":"es"},{"@type":"Organization","@id":"https:\/\/asdieta.com\/et\/#organization","name":"Como dieta","url":"https:\/\/asdieta.com\/et\/","logo":{"@type":"ImageObject","inLanguage":"es","@id":"https:\/\/asdieta.com\/et\/#\/schema\/logo\/image\/","url":"https:\/\/asdieta.com\/wp-content\/uploads\/2021\/11\/cropped-cover-1.png","contentUrl":"https:\/\/asdieta.com\/wp-content\/uploads\/2021\/11\/cropped-cover-1.png","width":3500,"height":1167,"caption":"As Dieta"},"image":{"@id":"https:\/\/asdieta.com\/et\/#\/schema\/logo\/image\/"}},{"@type":"Person","@id":"https:\/\/asdieta.com\/et\/#\/schema\/person\/9055320e1699dfc52e959a80e3b32edf","name":"Ania","image":{"@type":"ImageObject","inLanguage":"es","@id":"https:\/\/asdieta.com\/wp-content\/uploads\/2019\/09\/jonnelle-yankovich-lBWOnjLl9h4-unsplash-110x110.jpg","url":"https:\/\/asdieta.com\/wp-content\/uploads\/2019\/09\/jonnelle-yankovich-lBWOnjLl9h4-unsplash-110x110.jpg","contentUrl":"https:\/\/asdieta.com\/wp-content\/uploads\/2019\/09\/jonnelle-yankovich-lBWOnjLl9h4-unsplash-110x110.jpg","caption":"Ania"},"description":"Entusiasta del estilo de vida saludable y de la p\u00e9rdida de peso efectiva :)","url":"https:\/\/asdieta.com\/es\/author\/admin\/"}]}},"multi-rating":{"mr_rating_results":[{"adjusted_star_result":5,"star_result":5,"total_max_option_value":5,"adjusted_score_result":5,"score_result":5,"percentage_result":100,"adjusted_percentage_result":100,"count":1,"post_id":4580}]},"_links":{"self":[{"href":"https:\/\/asdieta.com\/es\/wp-json\/wp\/v2\/posts\/4580","targetHints":{"allow":["GET"]}}],"collection":[{"href":"https:\/\/asdieta.com\/es\/wp-json\/wp\/v2\/posts"}],"about":[{"href":"https:\/\/asdieta.com\/es\/wp-json\/wp\/v2\/types\/post"}],"author":[{"embeddable":true,"href":"https:\/\/asdieta.com\/es\/wp-json\/wp\/v2\/users\/1"}],"replies":[{"embeddable":true,"href":"https:\/\/asdieta.com\/es\/wp-json\/wp\/v2\/comments?post=4580"}],"version-history":[{"count":1,"href":"https:\/\/asdieta.com\/es\/wp-json\/wp\/v2\/posts\/4580\/revisions"}],"predecessor-version":[{"id":4585,"href":"https:\/\/asdieta.com\/es\/wp-json\/wp\/v2\/posts\/4580\/revisions\/4585"}],"wp:featuredmedia":[{"embeddable":true,"href":"https:\/\/asdieta.com\/es\/wp-json\/wp\/v2\/media\/4584"}],"wp:attachment":[{"href":"https:\/\/asdieta.com\/es\/wp-json\/wp\/v2\/media?parent=4580"}],"wp:term":[{"taxonomy":"category","embeddable":true,"href":"https:\/\/asdieta.com\/es\/wp-json\/wp\/v2\/categories?post=4580"},{"taxonomy":"post_tag","embeddable":true,"href":"https:\/\/asdieta.com\/es\/wp-json\/wp\/v2\/tags?post=4580"}],"curies":[{"name":"wp","href":"https:\/\/api.w.org\/{rel}","templated":true}]}}