{"id":319,"date":"2023-03-09T16:18:55","date_gmt":"2023-03-09T16:18:55","guid":{"rendered":"https:\/\/asdieta.pl\/?p=319"},"modified":"2023-03-09T16:18:55","modified_gmt":"2023-03-09T16:18:55","slug":"proflexen-zadbaj-o-stawy","status":"publish","type":"post","link":"https:\/\/asdieta.com\/es\/proflexen-cuida-las-articulaciones\/","title":{"rendered":"ProFlexen - cuida tus articulaciones."},"content":{"rendered":"<p>2023 Diciembre Con el tiempo, ciertas partes de nuestro cuerpo empiezan a desgastarse y a hacernos la vida mucho m\u00e1s dif\u00edcil. Entre ellas se encuentran nuestras articulaciones y, si se descuidan, pueden empezar a hacernos la vida muy dif\u00edcil.<\/p>\n<p style=\"text-align: center;\"><strong>Pedir ahora <a target=\"_blank\" rel=\"nofollow\" href=\"https:\/\/asdieta.com\/es\/goto\/https:\/\/nplink.net\/rblzww1m\/\">ProFlexen<\/a><\/strong><a target=\"_blank\" rel=\"nofollow\" href=\"https:\/\/asdieta.com\/es\/goto\/https:\/\/nplink.net\/rblzww1m\/\"><img loading=\"lazy\" decoding=\"async\" class=\"wp-image-321 aligncenter\" src=\"https:\/\/asdieta.pl\/wp-content\/uploads\/2019\/07\/ProFlexen-am1.jpg\" alt=\"\" width=\"281\" height=\"375\" srcset=\"https:\/\/asdieta.com\/wp-content\/uploads\/2019\/07\/ProFlexen-am1.jpg 720w, https:\/\/asdieta.com\/wp-content\/uploads\/2019\/07\/ProFlexen-am1-225x300.jpg 225w, https:\/\/asdieta.com\/wp-content\/uploads\/2019\/07\/ProFlexen-am1-83x110.jpg 83w, https:\/\/asdieta.com\/wp-content\/uploads\/2019\/07\/ProFlexen-am1-315x420.jpg 315w, https:\/\/asdieta.com\/wp-content\/uploads\/2019\/07\/ProFlexen-am1-323x430.jpg 323w\" sizes=\"auto, (max-width: 281px) 100vw, 281px\" \/><\/a><\/p>\n<p>Cualquiera que lo haya experimentado sabe exactamente de lo que est\u00e1 hablando...<\/p>\n<p>Por esta raz\u00f3n, es una buena idea cuidar las articulaciones mientras a\u00fan funcionan para evitar problemas graves en el futuro. Si, por el contrario, ya ha notado problemas en sus articulaciones, es importante que empiece a ocuparse de ellos inmediatamente, porque con el tiempo ser\u00e1n cada vez m\u00e1s molestos y pueden impedirle moverse con eficacia.<\/p>\n<h2><span class=\"ez-toc-section\" id=\"Co_moze_powodowac_problemy_ze_stawami\"><\/span>\u00bfQu\u00e9 puede causar problemas articulares?<span class=\"ez-toc-section-end\"><\/span><\/h2>\n<p>La artritis, o dolor en las articulaciones, est\u00e1 causada por el hecho de que el cart\u00edlago de nuestra articulaci\u00f3n y los tejidos circundantes est\u00e1n sobrecargados. Esto provoca dolor en las rodillas o las mu\u00f1ecas, y a veces causa una grave inflamaci\u00f3n de los tejidos circundantes, como los tendones, los ligamentos o las bursas sinoviales.<\/p>\n<p>Los dolores articulares est\u00e1n causados por una mala alimentaci\u00f3n, la obesidad, la falta de ejercicio, los trabajos que exigen estar constantemente de pie y los deportes que suponen un esfuerzo para las articulaciones, como el running o los deportes de fuerza.<\/p>\n<p><a target=\"_blank\" rel=\"nofollow\" href=\"https:\/\/asdieta.com\/es\/goto\/https:\/\/nplink.net\/rblzww1m\/\"><img loading=\"lazy\" decoding=\"async\" class=\"alignnone  wp-image-320\" src=\"https:\/\/asdieta.pl\/wp-content\/uploads\/2019\/07\/ProFlexen-am2.jpg\" alt=\"\" width=\"384\" height=\"512\" srcset=\"https:\/\/asdieta.com\/wp-content\/uploads\/2019\/07\/ProFlexen-am2.jpg 720w, https:\/\/asdieta.com\/wp-content\/uploads\/2019\/07\/ProFlexen-am2-225x300.jpg 225w, https:\/\/asdieta.com\/wp-content\/uploads\/2019\/07\/ProFlexen-am2-83x110.jpg 83w, https:\/\/asdieta.com\/wp-content\/uploads\/2019\/07\/ProFlexen-am2-315x420.jpg 315w, https:\/\/asdieta.com\/wp-content\/uploads\/2019\/07\/ProFlexen-am2-323x430.jpg 323w\" sizes=\"auto, (max-width: 384px) 100vw, 384px\" \/><\/a><\/p>\n<h2><span class=\"ez-toc-section\" id=\"Co_w_takim_razie_robic_by_sie_przed_tym_ustrzec\"><\/span>\u00bfQu\u00e9 se puede hacer entonces para evitarlo?<span class=\"ez-toc-section-end\"><\/span><\/h2>\n<p>Recientemente, ha aparecido en el mercado un producto innovador en forma de suplemento diet\u00e9tico. ProFlexen es uno de los preparados m\u00e1s eficaces en la protecci\u00f3n de las articulaciones, gracias al col\u00e1geno de tipo II no desnaturalizado patentado - UC-II\u00ae.<\/p>\n<p>Es un ingrediente que ha hecho furor en el mercado estadounidense y que recientemente se ha hecho cada vez m\u00e1s popular y apreciado en Europa.<\/p>\n<h2><span class=\"ez-toc-section\" id=\"Najskuteczniejszy_w_USA_i_Europie\"><\/span>El m\u00e1s exitoso en Estados Unidos y Europa.<span class=\"ez-toc-section-end\"><\/span><\/h2>\n<p>UC-II\u00ae es col\u00e1geno de tipo II sin desnaturalizar, es decir, su forma m\u00e1s pura. Es un sustrato en la reproducci\u00f3n del cart\u00edlago responsable de la fuerza y el estiramiento del sistema \u00f3seo. Adem\u00e1s, cuando se administra por v\u00eda oral, dirige la actividad de nuestro sistema inmunitario de tal manera que previene los fen\u00f3menos de destrucci\u00f3n autoinmune en la zona del cart\u00edlago articular y, como resultado, tiene un efecto muy elevado en la mejora de la flexibilidad y la movilidad de las articulaciones.<br \/>Su acci\u00f3n es mucho m\u00e1s eficaz que el uso de la glucosamina y la condroitina por separado.<\/p>\n<p>Gracias a UC-II\u00ae en combinaci\u00f3n con otros ingredientes activos de origen natural, ProFlexen es el mejor tratamiento para las articulaciones del mercado mundial y su efecto est\u00e1 confirmado por los excelentes comentarios tanto de los usuarios como de los expertos m\u00e9dicos.<\/p>\n<h2><span class=\"ez-toc-section\" id=\"Przebadany_klinicznie\"><\/span>Probado cl\u00ednicamente.<span class=\"ez-toc-section-end\"><\/span><\/h2>\n<p>La eficacia de UC-II\u00ae ha sido documentada en ensayos cl\u00ednicos a doble ciego.<br \/>Consiste en ocultar la informaci\u00f3n m\u00e1s importante tanto a los examinados como a los que administran el pliego. S\u00f3lo el coordinador sabe si los pacientes recibieron la sustancia activa o un placebo.<br \/>Se han realizado dos estudios de este tipo y ambos han confirmado la eficacia del col\u00e1geno UC-II\u00ae. Result\u00f3 que la aplicaci\u00f3n de tan s\u00f3lo 40 mg al d\u00eda mejora la movilidad y el rango de trabajo de las articulaciones. Al mismo tiempo, el tiempo de trabajo sin dolor de las articulaciones durante el esfuerzo f\u00edsico aumenta significativamente. Esto era claramente visible en comparaci\u00f3n con el grupo de sujetos que recibieron un placebo.<\/p>\n<p>Los resultados mejoraron para aquellos con problemas articulares m\u00e1s d\u00e9biles, as\u00ed como para aquellos con artritis severa.<\/p>\n<h2><span class=\"ez-toc-section\" id=\"Sprawdzony_naturalny_sklad\"><\/span>Composici\u00f3n probada y natural.<span class=\"ez-toc-section-end\"><\/span><\/h2>\n<p>Adem\u00e1s del ingrediente principal, que es UC-II\u00ae, en la f\u00f3rmula de ProFlexen encontrar\u00e1<\/p>\n<p><em><strong>Extracto de resina de incienso indio (boswellia serrata)<\/strong><\/em> - El incienso indio es una planta de la familia de las plastilinas, rica en \u00e1cidos bosw\u00e9licos con una estructura de cinco triterpenos c\u00edclicos, que tienen un efecto extremadamente beneficioso para la funci\u00f3n articular. En la medicina tradicional india, la boswellia serrata se utiliza para tratar la inflamaci\u00f3n y el dolor en la columna vertebral y las articulaciones, as\u00ed como durante las infecciones respiratorias superiores. Si se utiliza con regularidad, el extracto de incienso flexibiliza las articulaciones y mejora su resistencia.<\/p>\n<p><em><strong>Extracto del rizoma del cardo largo<\/strong><\/em> - es tambi\u00e9n una planta originaria de la India y de los tr\u00f3picos. Es una fuente natural de curcumina, responsable de mantener sanas las articulaciones y los huesos.<\/p>\n<p><em><strong>Extracto de ra\u00edz de jengibre<\/strong><\/em> - una planta de la familia del jengibre utilizada en la medicina natural desde hace siglos. Favorece la movilidad de las articulaciones. Si se toma con regularidad, no se sentir\u00e1 rigidez por la ma\u00f1ana despu\u00e9s de despertarse, lo que es caracter\u00edstico de las articulaciones da\u00f1adas.<\/p>\n<p><em><strong>Vitamina C (\u00e1cido asc\u00f3rbico)<\/strong><\/em> - Su valor es bien conocido por todos nosotros. Es esencial para el funcionamiento de los organismos vivos.<br \/>Participa activamente en la producci\u00f3n de col\u00e1geno en nuestro organismo, que a su vez es muy importante para mantener el buen funcionamiento del cart\u00edlago articular. En la producci\u00f3n de col\u00e1geno, es un cofactor para la prolil hidroxilasa y la lisil hidroxilasa, que son enzimas responsables de estabilizar y cruzar las fibras de col\u00e1geno. Adem\u00e1s, el \u00e1cido asc\u00f3rbico estimula la s\u00edntesis de col\u00e1geno activando su transcripci\u00f3n y estabilizando el ARNm del procol\u00e1geno.<\/p>\n<p><em><strong>Manganeso<\/strong><\/em> - Este elemento desempe\u00f1a un papel extremadamente importante durante la formaci\u00f3n del tejido conectivo en el organismo. Se considera un elemento esencial para nuestra vida, debido a su presencia en los centros de reactividad de un gran n\u00famero de enzimas. Junto con el zinc, el manganeso es responsable de mantener unos huesos sanos y fuertes.<\/p>\n<h2><span class=\"ez-toc-section\" id=\"Doskonala_cena_naturalny_sklad_i_wylacznie_pochwalne_opinie_%E2%80%93_czego_trzeba_wiecej\"><\/span>Excelente precio, composici\u00f3n natural y s\u00f3lo cr\u00edticas elogiosas: \u00bfqu\u00e9 m\u00e1s necesita?<span class=\"ez-toc-section-end\"><\/span><\/h2>\n<p>Cl\u00ednicamente probada, la f\u00f3rmula m\u00e1s eficaz del mercado. Col\u00e1geno de tipo II en su forma m\u00e1s pura, pero a un precio que no difiere de otros productos del mercado.<\/p>\n<p>Gracias a la eficacia de UC-II\u00ae en combinaci\u00f3n con el resto de los principios activos, el uso del complemento alimenticio ProFlexen da resultados ya en las primeras semanas despu\u00e9s de iniciar el tratamiento.<br \/>Un tratamiento completo con ProFlexen dura un mes entero. El fabricante recomienda una dosis de dos c\u00e1psulas al d\u00eda media hora antes de las comidas, tomadas con trescientos mililitros de agua.<\/p>\n<p>Al elegir el ProFlexen se decide por la m\u00e1s alta calidad al precio m\u00e1s atractivo del mercado mundial.<\/p>\n<p>\u00a1Se necesita tan poco para tener buena salud!<\/p>\n<p style=\"text-align: center;\"><strong>Pedir ahora <a target=\"_blank\" rel=\"nofollow\" href=\"https:\/\/asdieta.com\/es\/goto\/https:\/\/nplink.net\/rblzww1m\/\">ProFlexen<\/a><\/strong><a target=\"_blank\" rel=\"nofollow\" href=\"https:\/\/asdieta.com\/es\/goto\/https:\/\/nplink.net\/rblzww1m\/\"><img loading=\"lazy\" decoding=\"async\" class=\"wp-image-321 aligncenter\" src=\"https:\/\/asdieta.pl\/wp-content\/uploads\/2019\/07\/ProFlexen-am1.jpg\" alt=\"\" width=\"281\" height=\"375\" srcset=\"https:\/\/asdieta.com\/wp-content\/uploads\/2019\/07\/ProFlexen-am1.jpg 720w, https:\/\/asdieta.com\/wp-content\/uploads\/2019\/07\/ProFlexen-am1-225x300.jpg 225w, https:\/\/asdieta.com\/wp-content\/uploads\/2019\/07\/ProFlexen-am1-83x110.jpg 83w, https:\/\/asdieta.com\/wp-content\/uploads\/2019\/07\/ProFlexen-am1-315x420.jpg 315w, https:\/\/asdieta.com\/wp-content\/uploads\/2019\/07\/ProFlexen-am1-323x430.jpg 323w\" sizes=\"auto, (max-width: 281px) 100vw, 281px\" \/><\/a><\/p>\n<p style=\"text-align: center;\"><a href=\"https:\/\/asdieta.com\/es\/zdrowie\/\">Consulte tambi\u00e9n otros suplementos que mejoran la salud.<\/a><\/p>\n\n\n<p><strong>Opiniones sobre los complementos alimenticios<\/strong><br>Viendo los anuncios de televisi\u00f3n, seguramente cada uno de nosotros se ha encontrado con productos como los suplementos diet\u00e9ticos. Los suplementos diet\u00e9ticos naturales pueden influir positivamente en nuestra inmunidad, proporcionarnos vitaminas y minerales eliminando sus carencias, o tener una influencia positiva en nuestro cabello. Hoy en d\u00eda, hay un mont\u00f3n de productos de este tipo en el mercado, por lo que al considerar la compra de uno de ellos, inicialmente no sabemos cu\u00e1l ser\u00e1 el mejor. Las opiniones positivas de otros internautas en los foros de Internet pueden ayudarnos a tomar una decisi\u00f3n. Es obvio que si alguien habla bien de algo, autom\u00e1ticamente queremos probarlo en nosotros mismos.<\/p>\n\n\n\n<p><br><strong>Uso de complementos alimenticios<\/strong><br>El uso de productos como los suplementos diet\u00e9ticos nos permite a cada uno de nosotros cuidar de nuestra salud. Suplemos las deficiencias vitam\u00ednicas, o hacemos que gracias al uso de tal o cual medicamento sin receta, mejoremos el aspecto de nuestro cabello o de nuestra piel, por ejemplo. Todos los suplementos de este tipo se anuncian en la televisi\u00f3n, por lo que todos podemos informarnos y comprarlos si notamos alguna dolencia en nosotros, que puede ser superada mediante el uso de estos u otros suplementos diet\u00e9ticos naturales. Siempre es una buena idea probar algo en uno mismo, porque si no lo pruebas, nunca sabr\u00e1s si ha merecido la pena.<\/p>\n\n\n\n<p><br><strong>Complementos alimenticios<\/strong><br>Hoy en d\u00eda, muchas personas consumen alimentos sin necesariamente equilibrar su dieta correctamente. Los suplementos diet\u00e9ticos funcionar\u00e1n muy bien en esta situaci\u00f3n, ya que le permitir\u00e1n reponer todos los minerales necesarios. Pero, \u00bfes saludable el consumo de suplementos? \u00bfNo es mejor complementar todo con una dieta adecuada? Ciertamente, ser\u00e1 mejor que cada uno de nosotros eval\u00fae por s\u00ed mismo lo que es mejor para \u00e9l. Algunos querr\u00e1n cambiar su dieta, pero otros descubrir\u00e1n que los suplementos naturales les funcionan mejor. Lo m\u00e1s importante es recordar una dieta equilibrada y una alimentaci\u00f3n sana.<\/p>\n<div id=\"ez-toc-container\" class=\"ez-toc-v2_0_82_2 counter-hierarchy ez-toc-counter ez-toc-grey ez-toc-container-direction\">\n<p class=\"ez-toc-title\" style=\"cursor:inherit\">\u00cdndice de contenidos<\/p>\n<label for=\"ez-toc-cssicon-toggle-item-69f1b61005dc4\" class=\"ez-toc-cssicon-toggle-label\"><span class=\"\"><span class=\"eztoc-hide\" style=\"display:none;\">Toggle<\/span><span class=\"ez-toc-icon-toggle-span\"><svg style=\"fill: #999;color:#999\" xmlns=\"http:\/\/www.w3.org\/2000\/svg\" class=\"list-377408\" width=\"20px\" height=\"20px\" viewbox=\"0 0 24 24\" fill=\"none\"><path d=\"M6 6H4v2h2V6zm14 0H8v2h12V6zM4 11h2v2H4v-2zm16 0H8v2h12v-2zM4 16h2v2H4v-2zm16 0H8v2h12v-2z\" fill=\"currentColor\"><\/path><\/svg><svg style=\"fill: #999;color:#999\" class=\"arrow-unsorted-368013\" xmlns=\"http:\/\/www.w3.org\/2000\/svg\" width=\"10px\" height=\"10px\" viewbox=\"0 0 24 24\" version=\"1.2\" baseprofile=\"tiny\"><path d=\"M18.2 9.3l-6.2-6.3-6.2 6.3c-.2.2-.3.4-.3.7s.1.5.3.7c.2.2.4.3.7.3h11c.3 0 .5-.1.7-.3.2-.2.3-.5.3-.7s-.1-.5-.3-.7zM5.8 14.7l6.2 6.3 6.2-6.3c.2-.2.3-.5.3-.7s-.1-.5-.3-.7c-.2-.2-.4-.3-.7-.3h-11c-.3 0-.5.1-.7.3-.2.2-.3.5-.3.7s.1.5.3.7z\"\/><\/svg><\/span><\/span><\/label><input type=\"checkbox\"  id=\"ez-toc-cssicon-toggle-item-69f1b61005dc4\"  aria-label=\"Alternar\" \/><nav><ul class='ez-toc-list ez-toc-list-level-1' ><li class='ez-toc-page-1 ez-toc-heading-level-2'><a class=\"ez-toc-link ez-toc-heading-1\" href=\"https:\/\/asdieta.com\/es\/proflexen-cuida-las-articulaciones\/#Co_moze_powodowac_problemy_ze_stawami\" >\u00bfQu\u00e9 puede causar problemas articulares?<\/a><\/li><li class='ez-toc-page-1 ez-toc-heading-level-2'><a class=\"ez-toc-link ez-toc-heading-2\" href=\"https:\/\/asdieta.com\/es\/proflexen-cuida-las-articulaciones\/#Co_w_takim_razie_robic_by_sie_przed_tym_ustrzec\" >\u00bfQu\u00e9 se puede hacer entonces para evitarlo?<\/a><\/li><li class='ez-toc-page-1 ez-toc-heading-level-2'><a class=\"ez-toc-link ez-toc-heading-3\" href=\"https:\/\/asdieta.com\/es\/proflexen-cuida-las-articulaciones\/#Najskuteczniejszy_w_USA_i_Europie\" >El m\u00e1s exitoso en Estados Unidos y Europa.<\/a><\/li><li class='ez-toc-page-1 ez-toc-heading-level-2'><a class=\"ez-toc-link ez-toc-heading-4\" href=\"https:\/\/asdieta.com\/es\/proflexen-cuida-las-articulaciones\/#Przebadany_klinicznie\" >Probado cl\u00ednicamente.<\/a><\/li><li class='ez-toc-page-1 ez-toc-heading-level-2'><a class=\"ez-toc-link ez-toc-heading-5\" href=\"https:\/\/asdieta.com\/es\/proflexen-cuida-las-articulaciones\/#Sprawdzony_naturalny_sklad\" >Composici\u00f3n probada y natural.<\/a><\/li><li class='ez-toc-page-1 ez-toc-heading-level-2'><a class=\"ez-toc-link ez-toc-heading-6\" href=\"https:\/\/asdieta.com\/es\/proflexen-cuida-las-articulaciones\/#Doskonala_cena_naturalny_sklad_i_wylacznie_pochwalne_opinie_%E2%80%93_czego_trzeba_wiecej\" >Excelente precio, composici\u00f3n natural y s\u00f3lo cr\u00edticas elogiosas: \u00bfqu\u00e9 m\u00e1s necesita?<\/a><\/li><\/ul><\/nav><\/div>","protected":false},"excerpt":{"rendered":"<p>2023 grudzie\u0144 Z biegiem czasu pewne cz\u0119\u015bci naszego organizmu zaczynaj\u0105 si\u0119 zu\u017cywa\u0107 i utrudnia\u0107 nam \u017cycie w znacz\u0105cym stopniu. Nale\u017c\u0105 do nich mi\u0119dzy innymi stawy i zaniedbane mog\u0105 w bardzo du\u017cym stopniu zacz\u0105\u0107 utrudnia\u0107 nam \u017cycie. Zam\u00f3w ju\u017c teraz ProFlexen Ka\u017cdy, kto to prze\u017cy\u0142 doskonale wie o czym mowa&#8230; Z tego powodu warto zadba\u0107 o [&hellip;]<\/p>\n","protected":false},"author":1,"featured_media":322,"comment_status":"open","ping_status":"open","sticky":false,"template":"","format":"standard","meta":{"rating_form_position":"","rating_results_position":"","mr_structured_data_type":"","footnotes":""},"categories":[10],"tags":[],"class_list":["post-319","post","type-post","status-publish","format-standard","has-post-thumbnail","hentry","category-health"],"yoast_head":"<!-- This site is optimized with the Yoast SEO plugin v27.2 - https:\/\/yoast.com\/product\/yoast-seo-wordpress\/ -->\n<title>ProFlexen - Opinie, Cena, Efekty, Sk\u0142ad. Zadbaj o zdrowie swoich staw\u00f3w<\/title>\n<meta name=\"description\" content=\"Chcesz wzmocni\u0107 swoje stawy za pomoc\u0105 natury? Teraz jest to mo\u017cliwe. Dzi\u0119ki jednemu suplementowi diety mo\u017cesz na zawsze zapomie\u0107 o problemach ze stawami!\" \/>\n<meta name=\"robots\" content=\"index, follow, max-snippet:-1, max-image-preview:large, max-video-preview:-1\" \/>\n<link rel=\"canonical\" href=\"https:\/\/asdieta.com\/es\/proflexen-cuida-las-articulaciones\/\" \/>\n<meta property=\"og:locale\" content=\"es_ES\" \/>\n<meta property=\"og:type\" content=\"article\" \/>\n<meta property=\"og:title\" content=\"ProFlexen - Opinie, Cena, Efekty, Sk\u0142ad. Zadbaj o zdrowie swoich staw\u00f3w\" \/>\n<meta property=\"og:description\" content=\"Chcesz wzmocni\u0107 swoje stawy za pomoc\u0105 natury? Teraz jest to mo\u017cliwe. Dzi\u0119ki jednemu suplementowi diety mo\u017cesz na zawsze zapomie\u0107 o problemach ze stawami!\" \/>\n<meta property=\"og:url\" content=\"https:\/\/asdieta.com\/es\/proflexen-cuida-las-articulaciones\/\" \/>\n<meta property=\"og:site_name\" content=\"As Dieta\" \/>\n<meta property=\"article:published_time\" content=\"2023-03-09T16:18:55+00:00\" \/>\n<meta property=\"og:image\" content=\"https:\/\/asdieta.com\/wp-content\/uploads\/2019\/07\/proflexen-pro6-1024x683.jpg\" \/>\n\t<meta property=\"og:image:width\" content=\"1024\" \/>\n\t<meta property=\"og:image:height\" content=\"683\" \/>\n\t<meta property=\"og:image:type\" content=\"image\/jpeg\" \/>\n<meta name=\"author\" content=\"Ania\" \/>\n<meta name=\"twitter:card\" content=\"summary_large_image\" \/>\n<meta name=\"twitter:label1\" content=\"Escrito por\" \/>\n\t<meta name=\"twitter:data1\" content=\"Ania\" \/>\n\t<meta name=\"twitter:label2\" content=\"Tiempo de lectura\" \/>\n\t<meta name=\"twitter:data2\" content=\"7 minutos\" \/>\n<script type=\"application\/ld+json\" class=\"yoast-schema-graph\">{\"@context\":\"https:\/\/schema.org\",\"@graph\":[{\"@type\":\"Article\",\"@id\":\"https:\/\/asdieta.com\/proflexen-zadbaj-o-stawy\/#article\",\"isPartOf\":{\"@id\":\"https:\/\/asdieta.com\/it\/proflexen-prenditi-cura-delle-tue-articolazioni\/\"},\"author\":{\"name\":\"Ania\",\"@id\":\"https:\/\/asdieta.com\/et\/#\/schema\/person\/9055320e1699dfc52e959a80e3b32edf\"},\"headline\":\"ProFlexen &#8211; zadbaj o stawy.\",\"datePublished\":\"2023-03-09T16:18:55+00:00\",\"mainEntityOfPage\":{\"@id\":\"https:\/\/asdieta.com\/it\/proflexen-prenditi-cura-delle-tue-articolazioni\/\"},\"wordCount\":1371,\"commentCount\":0,\"publisher\":{\"@id\":\"https:\/\/asdieta.com\/et\/#organization\"},\"image\":{\"@id\":\"https:\/\/asdieta.com\/proflexen-zadbaj-o-stawy\/#primaryimage\"},\"thumbnailUrl\":\"https:\/\/asdieta.com\/wp-content\/uploads\/2019\/07\/proflexen-pro6.jpg\",\"articleSection\":[\"Zdrowie\"],\"inLanguage\":\"es\",\"potentialAction\":[{\"@type\":\"CommentAction\",\"name\":\"Comment\",\"target\":[\"https:\/\/asdieta.com\/proflexen-zadbaj-o-stawy\/#respond\"]}]},{\"@type\":\"WebPage\",\"@id\":\"https:\/\/asdieta.com\/it\/proflexen-prenditi-cura-delle-tue-articolazioni\/\",\"url\":\"https:\/\/asdieta.com\/proflexen-zadbaj-o-stawy\/\",\"name\":\"ProFlexen - Opinie, Cena, Efekty, Sk\u0142ad. Zadbaj o zdrowie swoich staw\u00f3w\",\"isPartOf\":{\"@id\":\"https:\/\/asdieta.com\/et\/#website\"},\"primaryImageOfPage\":{\"@id\":\"https:\/\/asdieta.com\/proflexen-zadbaj-o-stawy\/#primaryimage\"},\"image\":{\"@id\":\"https:\/\/asdieta.com\/proflexen-zadbaj-o-stawy\/#primaryimage\"},\"thumbnailUrl\":\"https:\/\/asdieta.com\/wp-content\/uploads\/2019\/07\/proflexen-pro6.jpg\",\"datePublished\":\"2023-03-09T16:18:55+00:00\",\"description\":\"Chcesz wzmocni\u0107 swoje stawy za pomoc\u0105 natury? Teraz jest to mo\u017cliwe. Dzi\u0119ki jednemu suplementowi diety mo\u017cesz na zawsze zapomie\u0107 o problemach ze stawami!\",\"breadcrumb\":{\"@id\":\"https:\/\/asdieta.com\/proflexen-zadbaj-o-stawy\/#breadcrumb\"},\"inLanguage\":\"es\",\"potentialAction\":[{\"@type\":\"ReadAction\",\"target\":[\"https:\/\/asdieta.com\/proflexen-zadbaj-o-stawy\/\"]}]},{\"@type\":\"ImageObject\",\"inLanguage\":\"es\",\"@id\":\"https:\/\/asdieta.com\/proflexen-zadbaj-o-stawy\/#primaryimage\",\"url\":\"https:\/\/asdieta.com\/wp-content\/uploads\/2019\/07\/proflexen-pro6.jpg\",\"contentUrl\":\"https:\/\/asdieta.com\/wp-content\/uploads\/2019\/07\/proflexen-pro6.jpg\",\"width\":6720,\"height\":4480},{\"@type\":\"BreadcrumbList\",\"@id\":\"https:\/\/asdieta.com\/proflexen-zadbaj-o-stawy\/#breadcrumb\",\"itemListElement\":[{\"@type\":\"ListItem\",\"position\":1,\"name\":\"Strona g\u0142\u00f3wna\",\"item\":\"https:\/\/asdieta.com\/et\/\"},{\"@type\":\"ListItem\",\"position\":2,\"name\":\"ProFlexen &#8211; zadbaj o stawy.\"}]},{\"@type\":\"WebSite\",\"@id\":\"https:\/\/asdieta.com\/et\/#website\",\"url\":\"https:\/\/asdieta.com\/et\/\",\"name\":\"As Dieta\",\"description\":\"Blog o zdrowym trybie \u017cycia.\",\"publisher\":{\"@id\":\"https:\/\/asdieta.com\/et\/#organization\"},\"potentialAction\":[{\"@type\":\"SearchAction\",\"target\":{\"@type\":\"EntryPoint\",\"urlTemplate\":\"https:\/\/asdieta.com\/et\/?s={search_term_string}\"},\"query-input\":{\"@type\":\"PropertyValueSpecification\",\"valueRequired\":true,\"valueName\":\"search_term_string\"}}],\"inLanguage\":\"es\"},{\"@type\":\"Organization\",\"@id\":\"https:\/\/asdieta.com\/et\/#organization\",\"name\":\"As Dieta\",\"url\":\"https:\/\/asdieta.com\/et\/\",\"logo\":{\"@type\":\"ImageObject\",\"inLanguage\":\"es\",\"@id\":\"https:\/\/asdieta.com\/et\/#\/schema\/logo\/image\/\",\"url\":\"https:\/\/asdieta.com\/wp-content\/uploads\/2021\/11\/cropped-cover-1.png\",\"contentUrl\":\"https:\/\/asdieta.com\/wp-content\/uploads\/2021\/11\/cropped-cover-1.png\",\"width\":3500,\"height\":1167,\"caption\":\"As Dieta\"},\"image\":{\"@id\":\"https:\/\/asdieta.com\/et\/#\/schema\/logo\/image\/\"}},{\"@type\":\"Person\",\"@id\":\"https:\/\/asdieta.com\/et\/#\/schema\/person\/9055320e1699dfc52e959a80e3b32edf\",\"name\":\"Ania\",\"image\":{\"@type\":\"ImageObject\",\"inLanguage\":\"es\",\"@id\":\"https:\/\/asdieta.com\/wp-content\/uploads\/2019\/09\/jonnelle-yankovich-lBWOnjLl9h4-unsplash-110x110.jpg\",\"url\":\"https:\/\/asdieta.com\/wp-content\/uploads\/2019\/09\/jonnelle-yankovich-lBWOnjLl9h4-unsplash-110x110.jpg\",\"contentUrl\":\"https:\/\/asdieta.com\/wp-content\/uploads\/2019\/09\/jonnelle-yankovich-lBWOnjLl9h4-unsplash-110x110.jpg\",\"caption\":\"Ania\"},\"description\":\"Entuzjastka zdrowego trybu \u017cycia i skutecznego odchudzania :)\",\"url\":\"https:\/\/asdieta.com\/es\/author\/admin\/\"}]}<\/script>\n<!-- \/ Yoast SEO plugin. -->","yoast_head_json":{"title":"ProFlexen - Opiniones, precio, efectos, composici\u00f3n. Cuida tu salud articular","description":"\u00bfQuieres fortalecer tus articulaciones utilizando la naturaleza? Ahora es posible. Con un suplemento diet\u00e9tico puede olvidarse de los problemas articulares para siempre.","robots":{"index":"index","follow":"follow","max-snippet":"max-snippet:-1","max-image-preview":"max-image-preview:large","max-video-preview":"max-video-preview:-1"},"canonical":"https:\/\/asdieta.com\/es\/proflexen-cuida-las-articulaciones\/","og_locale":"es_ES","og_type":"article","og_title":"ProFlexen - Opinie, Cena, Efekty, Sk\u0142ad. Zadbaj o zdrowie swoich staw\u00f3w","og_description":"Chcesz wzmocni\u0107 swoje stawy za pomoc\u0105 natury? Teraz jest to mo\u017cliwe. Dzi\u0119ki jednemu suplementowi diety mo\u017cesz na zawsze zapomie\u0107 o problemach ze stawami!","og_url":"https:\/\/asdieta.com\/es\/proflexen-cuida-las-articulaciones\/","og_site_name":"As Dieta","article_published_time":"2023-03-09T16:18:55+00:00","og_image":[{"width":1024,"height":683,"url":"https:\/\/asdieta.com\/wp-content\/uploads\/2019\/07\/proflexen-pro6-1024x683.jpg","type":"image\/jpeg"}],"author":"Ania","twitter_card":"summary_large_image","twitter_misc":{"Escrito por":"Ania","Tiempo de lectura":"7 minutos"},"schema":{"@context":"https:\/\/schema.org","@graph":[{"@type":"Article","@id":"https:\/\/asdieta.com\/proflexen-zadbaj-o-stawy\/#article","isPartOf":{"@id":"https:\/\/asdieta.com\/it\/proflexen-prenditi-cura-delle-tue-articolazioni\/"},"author":{"name":"Ania","@id":"https:\/\/asdieta.com\/et\/#\/schema\/person\/9055320e1699dfc52e959a80e3b32edf"},"headline":"ProFlexen &#8211; zadbaj o stawy.","datePublished":"2023-03-09T16:18:55+00:00","mainEntityOfPage":{"@id":"https:\/\/asdieta.com\/it\/proflexen-prenditi-cura-delle-tue-articolazioni\/"},"wordCount":1371,"commentCount":0,"publisher":{"@id":"https:\/\/asdieta.com\/et\/#organization"},"image":{"@id":"https:\/\/asdieta.com\/proflexen-zadbaj-o-stawy\/#primaryimage"},"thumbnailUrl":"https:\/\/asdieta.com\/wp-content\/uploads\/2019\/07\/proflexen-pro6.jpg","articleSection":["Zdrowie"],"inLanguage":"es","potentialAction":[{"@type":"CommentAction","name":"Comment","target":["https:\/\/asdieta.com\/proflexen-zadbaj-o-stawy\/#respond"]}]},{"@type":"WebPage","@id":"https:\/\/asdieta.com\/it\/proflexen-prenditi-cura-delle-tue-articolazioni\/","url":"https:\/\/asdieta.com\/proflexen-zadbaj-o-stawy\/","name":"ProFlexen - Opiniones, precio, efectos, composici\u00f3n. Cuida tu salud articular","isPartOf":{"@id":"https:\/\/asdieta.com\/et\/#website"},"primaryImageOfPage":{"@id":"https:\/\/asdieta.com\/proflexen-zadbaj-o-stawy\/#primaryimage"},"image":{"@id":"https:\/\/asdieta.com\/proflexen-zadbaj-o-stawy\/#primaryimage"},"thumbnailUrl":"https:\/\/asdieta.com\/wp-content\/uploads\/2019\/07\/proflexen-pro6.jpg","datePublished":"2023-03-09T16:18:55+00:00","description":"\u00bfQuieres fortalecer tus articulaciones utilizando la naturaleza? Ahora es posible. Con un suplemento diet\u00e9tico puede olvidarse de los problemas articulares para siempre.","breadcrumb":{"@id":"https:\/\/asdieta.com\/proflexen-zadbaj-o-stawy\/#breadcrumb"},"inLanguage":"es","potentialAction":[{"@type":"ReadAction","target":["https:\/\/asdieta.com\/proflexen-zadbaj-o-stawy\/"]}]},{"@type":"ImageObject","inLanguage":"es","@id":"https:\/\/asdieta.com\/proflexen-zadbaj-o-stawy\/#primaryimage","url":"https:\/\/asdieta.com\/wp-content\/uploads\/2019\/07\/proflexen-pro6.jpg","contentUrl":"https:\/\/asdieta.com\/wp-content\/uploads\/2019\/07\/proflexen-pro6.jpg","width":6720,"height":4480},{"@type":"BreadcrumbList","@id":"https:\/\/asdieta.com\/proflexen-zadbaj-o-stawy\/#breadcrumb","itemListElement":[{"@type":"ListItem","position":1,"name":"Strona g\u0142\u00f3wna","item":"https:\/\/asdieta.com\/et\/"},{"@type":"ListItem","position":2,"name":"ProFlexen &#8211; zadbaj o stawy."}]},{"@type":"WebSite","@id":"https:\/\/asdieta.com\/et\/#website","url":"https:\/\/asdieta.com\/et\/","name":"Como dieta","description":"Un blog sobre la vida sana.","publisher":{"@id":"https:\/\/asdieta.com\/et\/#organization"},"potentialAction":[{"@type":"SearchAction","target":{"@type":"EntryPoint","urlTemplate":"https:\/\/asdieta.com\/et\/?s={search_term_string}"},"query-input":{"@type":"PropertyValueSpecification","valueRequired":true,"valueName":"search_term_string"}}],"inLanguage":"es"},{"@type":"Organization","@id":"https:\/\/asdieta.com\/et\/#organization","name":"Como dieta","url":"https:\/\/asdieta.com\/et\/","logo":{"@type":"ImageObject","inLanguage":"es","@id":"https:\/\/asdieta.com\/et\/#\/schema\/logo\/image\/","url":"https:\/\/asdieta.com\/wp-content\/uploads\/2021\/11\/cropped-cover-1.png","contentUrl":"https:\/\/asdieta.com\/wp-content\/uploads\/2021\/11\/cropped-cover-1.png","width":3500,"height":1167,"caption":"As Dieta"},"image":{"@id":"https:\/\/asdieta.com\/et\/#\/schema\/logo\/image\/"}},{"@type":"Person","@id":"https:\/\/asdieta.com\/et\/#\/schema\/person\/9055320e1699dfc52e959a80e3b32edf","name":"Ania","image":{"@type":"ImageObject","inLanguage":"es","@id":"https:\/\/asdieta.com\/wp-content\/uploads\/2019\/09\/jonnelle-yankovich-lBWOnjLl9h4-unsplash-110x110.jpg","url":"https:\/\/asdieta.com\/wp-content\/uploads\/2019\/09\/jonnelle-yankovich-lBWOnjLl9h4-unsplash-110x110.jpg","contentUrl":"https:\/\/asdieta.com\/wp-content\/uploads\/2019\/09\/jonnelle-yankovich-lBWOnjLl9h4-unsplash-110x110.jpg","caption":"Ania"},"description":"Entusiasta del estilo de vida saludable y de la p\u00e9rdida de peso efectiva :)","url":"https:\/\/asdieta.com\/es\/author\/admin\/"}]}},"multi-rating":{"mr_rating_results":[{"adjusted_star_result":3.5,"star_result":3.5,"total_max_option_value":5,"adjusted_score_result":3.5,"score_result":3.5,"percentage_result":70,"adjusted_percentage_result":70,"count":2,"post_id":319}]},"_links":{"self":[{"href":"https:\/\/asdieta.com\/es\/wp-json\/wp\/v2\/posts\/319","targetHints":{"allow":["GET"]}}],"collection":[{"href":"https:\/\/asdieta.com\/es\/wp-json\/wp\/v2\/posts"}],"about":[{"href":"https:\/\/asdieta.com\/es\/wp-json\/wp\/v2\/types\/post"}],"author":[{"embeddable":true,"href":"https:\/\/asdieta.com\/es\/wp-json\/wp\/v2\/users\/1"}],"replies":[{"embeddable":true,"href":"https:\/\/asdieta.com\/es\/wp-json\/wp\/v2\/comments?post=319"}],"version-history":[{"count":10,"href":"https:\/\/asdieta.com\/es\/wp-json\/wp\/v2\/posts\/319\/revisions"}],"predecessor-version":[{"id":4486,"href":"https:\/\/asdieta.com\/es\/wp-json\/wp\/v2\/posts\/319\/revisions\/4486"}],"wp:featuredmedia":[{"embeddable":true,"href":"https:\/\/asdieta.com\/es\/wp-json\/wp\/v2\/media\/322"}],"wp:attachment":[{"href":"https:\/\/asdieta.com\/es\/wp-json\/wp\/v2\/media?parent=319"}],"wp:term":[{"taxonomy":"category","embeddable":true,"href":"https:\/\/asdieta.com\/es\/wp-json\/wp\/v2\/categories?post=319"},{"taxonomy":"post_tag","embeddable":true,"href":"https:\/\/asdieta.com\/es\/wp-json\/wp\/v2\/tags?post=319"}],"curies":[{"name":"wp","href":"https:\/\/api.w.org\/{rel}","templated":true}]}}