{"id":4322,"date":"2023-02-13T17:38:53","date_gmt":"2023-02-13T17:38:53","guid":{"rendered":"https:\/\/asdieta.com\/?p=4322"},"modified":"2023-02-13T17:38:54","modified_gmt":"2023-02-13T17:38:54","slug":"jak-mozna-sie-odchudzac","status":"publish","type":"post","link":"https:\/\/asdieta.com\/de\/wie-man-gewicht-verlieren-kann\/","title":{"rendered":"Wie kann man abnehmen?"},"content":{"rendered":"<p>2023 Fr\u00fchling und Sommer sind eine gute Zeit, um mit dem Abspecken zu beginnen. Es ist jedoch gut zu wissen, wann man wie abnehmen kann. So k\u00f6nnen Sie Ihre Ern\u00e4hrung sicher und bequem angehen. Eine gute Wahl sind verschiedene Arten von Di\u00e4tboxen, bei denen Sie eine bestimmte Kalorienmenge f\u00fcr den ganzen Tag festlegen. Dar\u00fcber hinaus werden auch Mahlzeiten wie Fr\u00fchst\u00fcck, Abendessen, Mittagessen oder Nachtisch einer solchen Di\u00e4t zugeordnet. Auf diese Weise k\u00f6nnen wir sicher sein, dass alle Produkte gesund und perfekt auf uns abgestimmt sind. Es ist auch m\u00f6glich, eine solche Di\u00e4t zu bestellen, die nur Produkte enth\u00e4lt, die keine Zutaten enthalten, gegen die wir allergisch sind. Dar\u00fcber hinaus ist es eine gute Idee, die verschiedenen Fitnessstudios zu nutzen und im Freien zu trainieren. Im Fr\u00fchling und Sommer ist es fantastisch, die hei\u00dfen Tage zu nutzen, um auf verschiedene Weise aktiv zu sein. Wichtig ist, dass Sie allein trainieren k\u00f6nnen, aber auch so, dass die Menschen, mit denen Sie zusammenleben oder mit denen Sie befreundet sind, ebenfalls trainieren. Denken Sie daran, dass Sie auch im Urlaub Sport treiben k\u00f6nnen, so dass Ihre Routine nicht unterbrochen wird. Wenn Sie schlank werden und daf\u00fcr sorgen wollen, dass Ihr K\u00f6rper st\u00e4ndig in Form bleibt, sollten Sie daran denken, auch im Winter und Herbst Sport zu treiben, um in Form zu bleiben. <\/p>\n\n\n\n<p>\u00dcberpr\u00fcfen Sie <a href=\"https:\/\/asdieta.com\/de\/tabletki-na-odchudzanie\/\">beste Schlankheitsma\u00dfnahmen<\/a><\/p>\n\n\n\n<div class=\"wp-block-image\"><figure class=\"aligncenter size-full\"><img loading=\"lazy\" decoding=\"async\" width=\"500\" height=\"380\" src=\"https:\/\/asdieta.com\/wp-content\/uploads\/2022\/07\/zdrowie-46.jpg\" alt=\"Wie kann man abnehmen?\" class=\"wp-image-4323\" srcset=\"https:\/\/asdieta.com\/wp-content\/uploads\/2022\/07\/zdrowie-46.jpg 500w, https:\/\/asdieta.com\/wp-content\/uploads\/2022\/07\/zdrowie-46-300x228.jpg 300w, https:\/\/asdieta.com\/wp-content\/uploads\/2022\/07\/zdrowie-46-16x12.jpg 16w, https:\/\/asdieta.com\/wp-content\/uploads\/2022\/07\/zdrowie-46-110x84.jpg 110w, https:\/\/asdieta.com\/wp-content\/uploads\/2022\/07\/zdrowie-46-420x319.jpg 420w\" sizes=\"auto, (max-width: 500px) 100vw, 500px\" \/><\/figure><\/div>\n\n\n\n<p>Es ist auch eine gute Idee, sich von einem Personal Trainer beraten zu lassen, der f\u00fcr uns die idealen \u00dcbungen ausw\u00e4hlt, die unseren K\u00f6rper nicht \u00fcberfordern. Dar\u00fcber hinaus k\u00f6nnen Sie die meisten \u00dcbungen auch zu Hause selbst durchf\u00fchren.<\/p>\n\n\n\n<p>Empfohlene Eintr\u00e4ge <a href=\"https:\/\/asdieta.com\/de\/wie-verlieren-wir-die-wenigsten-5-kg\/\">Wie kann man die letzten 5 kg abnehmen?<\/a> , <a href=\"https:\/\/asdieta.com\/de\/wie-verlierst-du-vernunftig-an-gewicht\/\">Wie kann man vern\u00fcnftig abnehmen?<\/a> , <a href=\"https:\/\/asdieta.com\/de\/wie-verlierst-du-den-kopf-an-einem-gewicht\/\">Wie zerm\u00fcrbt man sein Gehirn, um Gewicht zu verlieren?<\/a> , <a href=\"https:\/\/asdieta.com\/de\/schlankheitscocktails\/\">Schlankheits-Shakes - siehe die Fit-Smoothie-Rezepte<\/a> , <a href=\"https:\/\/asdieta.com\/de\/was-man-essen-sollte-um-abzunehmen\/\">Was sollte man essen, um abzunehmen?<\/a> , <a href=\"https:\/\/asdieta.com\/de\/wie-verlieren-bauch\/\">Wie kann man seinen Bauch loswerden?<\/a> , <a href=\"https:\/\/asdieta.com\/de\/wie-man-abnimmt\/\">Wie kann man an den Oberschenkeln abnehmen?<\/a> , <a href=\"https:\/\/asdieta.com\/de\/wie-man-schnell-abnehmen-kann\/\">Wie kann man schnell abnehmen?<\/a> , <a href=\"https:\/\/asdieta.com\/de\/was-ist-dukana-diat\/\">Was ist die Dukan-Di\u00e4t?<\/a><\/p>","protected":false},"excerpt":{"rendered":"<p>2023 Wiosna i lato to \u015bwietny czas na to, by si\u0119 zacz\u0105\u0107 odchudza\u0107. Dobrze jest jednak wiedzie\u0107, kiedy jak mo\u017cna si\u0119 odchudza\u0107? Dzi\u0119ki temu b\u0119dzie mo\u017cna bezpiecznie i komfortowo podej\u015b\u0107 do swojej diety. \u015awietnym wyborem s\u0105 r\u00f3\u017cnego rodzaju diety pude\u0142kowe, w kt\u00f3rych ustala si\u0119 konkretn\u0105 ilo\u015b\u0107 kalorii na ca\u0142y dzie\u0144. Dodatkowo tak\u017ce do takiej diety [&hellip;]<\/p>\n","protected":false},"author":1,"featured_media":4323,"comment_status":"open","ping_status":"open","sticky":false,"template":"","format":"standard","meta":{"rating_form_position":"","rating_results_position":"","mr_structured_data_type":"","footnotes":""},"categories":[4],"tags":[],"class_list":["post-4322","post","type-post","status-publish","format-standard","has-post-thumbnail","hentry","category-diets"],"yoast_head":"<!-- This site is optimized with the Yoast SEO plugin v27.2 - https:\/\/yoast.com\/product\/yoast-seo-wordpress\/ -->\n<title>Jak mo\u017cna si\u0119 odchudza\u0107? - As Dieta<\/title>\n<meta name=\"robots\" content=\"index, follow, max-snippet:-1, max-image-preview:large, max-video-preview:-1\" \/>\n<link rel=\"canonical\" href=\"https:\/\/asdieta.com\/de\/como-puedes-perder-peso\/\" \/>\n<meta property=\"og:locale\" content=\"de_DE\" \/>\n<meta property=\"og:type\" content=\"article\" \/>\n<meta property=\"og:title\" content=\"Jak mo\u017cna si\u0119 odchudza\u0107? - As Dieta\" \/>\n<meta property=\"og:description\" content=\"2023 Wiosna i lato to \u015bwietny czas na to, by si\u0119 zacz\u0105\u0107 odchudza\u0107. Dobrze jest jednak wiedzie\u0107, kiedy jak mo\u017cna si\u0119 odchudza\u0107? Dzi\u0119ki temu b\u0119dzie mo\u017cna bezpiecznie i komfortowo podej\u015b\u0107 do swojej diety. \u015awietnym wyborem s\u0105 r\u00f3\u017cnego rodzaju diety pude\u0142kowe, w kt\u00f3rych ustala si\u0119 konkretn\u0105 ilo\u015b\u0107 kalorii na ca\u0142y dzie\u0144. Dodatkowo tak\u017ce do takiej diety [&hellip;]\" \/>\n<meta property=\"og:url\" content=\"https:\/\/asdieta.com\/de\/como-puedes-perder-peso\/\" \/>\n<meta property=\"og:site_name\" content=\"As Dieta\" \/>\n<meta property=\"article:published_time\" content=\"2023-02-13T17:38:53+00:00\" \/>\n<meta property=\"article:modified_time\" content=\"2023-02-13T17:38:54+00:00\" \/>\n<meta property=\"og:image\" content=\"https:\/\/asdieta.com\/wp-content\/uploads\/2022\/07\/zdrowie-46.jpg\" \/>\n\t<meta property=\"og:image:width\" content=\"500\" \/>\n\t<meta property=\"og:image:height\" content=\"380\" \/>\n\t<meta property=\"og:image:type\" content=\"image\/jpeg\" \/>\n<meta name=\"author\" content=\"Ania\" \/>\n<meta name=\"twitter:card\" content=\"summary_large_image\" \/>\n<meta name=\"twitter:label1\" content=\"Verfasst von\" \/>\n\t<meta name=\"twitter:data1\" content=\"Ania\" \/>\n\t<meta name=\"twitter:label2\" content=\"Gesch\u00e4tzte Lesezeit\" \/>\n\t<meta name=\"twitter:data2\" content=\"2\u00a0Minuten\" \/>\n<script type=\"application\/ld+json\" class=\"yoast-schema-graph\">{\"@context\":\"https:\/\/schema.org\",\"@graph\":[{\"@type\":\"Article\",\"@id\":\"https:\/\/asdieta.com\/es\/como-puedes-perder-peso\/#article\",\"isPartOf\":{\"@id\":\"https:\/\/asdieta.com\/es\/como-puedes-perder-peso\/\"},\"author\":{\"name\":\"Ania\",\"@id\":\"https:\/\/asdieta.com\/et\/#\/schema\/person\/9055320e1699dfc52e959a80e3b32edf\"},\"headline\":\"Jak mo\u017cna si\u0119 odchudza\u0107?\",\"datePublished\":\"2023-02-13T17:38:53+00:00\",\"dateModified\":\"2023-02-13T17:38:54+00:00\",\"mainEntityOfPage\":{\"@id\":\"https:\/\/asdieta.com\/es\/como-puedes-perder-peso\/\"},\"wordCount\":346,\"commentCount\":0,\"publisher\":{\"@id\":\"https:\/\/asdieta.com\/et\/#organization\"},\"image\":{\"@id\":\"https:\/\/asdieta.com\/es\/como-puedes-perder-peso\/#primaryimage\"},\"thumbnailUrl\":\"https:\/\/asdieta.com\/wp-content\/uploads\/2022\/07\/zdrowie-46.jpg\",\"articleSection\":[\"Dieta\"],\"inLanguage\":\"de\",\"potentialAction\":[{\"@type\":\"CommentAction\",\"name\":\"Comment\",\"target\":[\"https:\/\/asdieta.com\/es\/como-puedes-perder-peso\/#respond\"]}]},{\"@type\":\"WebPage\",\"@id\":\"https:\/\/asdieta.com\/es\/como-puedes-perder-peso\/\",\"url\":\"https:\/\/asdieta.com\/es\/como-puedes-perder-peso\/\",\"name\":\"Jak mo\u017cna si\u0119 odchudza\u0107? - As Dieta\",\"isPartOf\":{\"@id\":\"https:\/\/asdieta.com\/et\/#website\"},\"primaryImageOfPage\":{\"@id\":\"https:\/\/asdieta.com\/es\/como-puedes-perder-peso\/#primaryimage\"},\"image\":{\"@id\":\"https:\/\/asdieta.com\/es\/como-puedes-perder-peso\/#primaryimage\"},\"thumbnailUrl\":\"https:\/\/asdieta.com\/wp-content\/uploads\/2022\/07\/zdrowie-46.jpg\",\"datePublished\":\"2023-02-13T17:38:53+00:00\",\"dateModified\":\"2023-02-13T17:38:54+00:00\",\"breadcrumb\":{\"@id\":\"https:\/\/asdieta.com\/es\/como-puedes-perder-peso\/#breadcrumb\"},\"inLanguage\":\"de\",\"potentialAction\":[{\"@type\":\"ReadAction\",\"target\":[\"https:\/\/asdieta.com\/es\/como-puedes-perder-peso\/\"]}]},{\"@type\":\"ImageObject\",\"inLanguage\":\"de\",\"@id\":\"https:\/\/asdieta.com\/es\/como-puedes-perder-peso\/#primaryimage\",\"url\":\"https:\/\/asdieta.com\/wp-content\/uploads\/2022\/07\/zdrowie-46.jpg\",\"contentUrl\":\"https:\/\/asdieta.com\/wp-content\/uploads\/2022\/07\/zdrowie-46.jpg\",\"width\":500,\"height\":380},{\"@type\":\"BreadcrumbList\",\"@id\":\"https:\/\/asdieta.com\/es\/como-puedes-perder-peso\/#breadcrumb\",\"itemListElement\":[{\"@type\":\"ListItem\",\"position\":1,\"name\":\"Strona g\u0142\u00f3wna\",\"item\":\"https:\/\/asdieta.com\/et\/\"},{\"@type\":\"ListItem\",\"position\":2,\"name\":\"Jak mo\u017cna si\u0119 odchudza\u0107?\"}]},{\"@type\":\"WebSite\",\"@id\":\"https:\/\/asdieta.com\/et\/#website\",\"url\":\"https:\/\/asdieta.com\/et\/\",\"name\":\"As Dieta\",\"description\":\"Blog o zdrowym trybie \u017cycia.\",\"publisher\":{\"@id\":\"https:\/\/asdieta.com\/et\/#organization\"},\"potentialAction\":[{\"@type\":\"SearchAction\",\"target\":{\"@type\":\"EntryPoint\",\"urlTemplate\":\"https:\/\/asdieta.com\/et\/?s={search_term_string}\"},\"query-input\":{\"@type\":\"PropertyValueSpecification\",\"valueRequired\":true,\"valueName\":\"search_term_string\"}}],\"inLanguage\":\"de\"},{\"@type\":\"Organization\",\"@id\":\"https:\/\/asdieta.com\/et\/#organization\",\"name\":\"As Dieta\",\"url\":\"https:\/\/asdieta.com\/et\/\",\"logo\":{\"@type\":\"ImageObject\",\"inLanguage\":\"de\",\"@id\":\"https:\/\/asdieta.com\/et\/#\/schema\/logo\/image\/\",\"url\":\"https:\/\/asdieta.com\/wp-content\/uploads\/2021\/11\/cropped-cover-1.png\",\"contentUrl\":\"https:\/\/asdieta.com\/wp-content\/uploads\/2021\/11\/cropped-cover-1.png\",\"width\":3500,\"height\":1167,\"caption\":\"As Dieta\"},\"image\":{\"@id\":\"https:\/\/asdieta.com\/et\/#\/schema\/logo\/image\/\"}},{\"@type\":\"Person\",\"@id\":\"https:\/\/asdieta.com\/et\/#\/schema\/person\/9055320e1699dfc52e959a80e3b32edf\",\"name\":\"Ania\",\"image\":{\"@type\":\"ImageObject\",\"inLanguage\":\"de\",\"@id\":\"https:\/\/asdieta.com\/wp-content\/uploads\/2019\/09\/jonnelle-yankovich-lBWOnjLl9h4-unsplash-110x110.jpg\",\"url\":\"https:\/\/asdieta.com\/wp-content\/uploads\/2019\/09\/jonnelle-yankovich-lBWOnjLl9h4-unsplash-110x110.jpg\",\"contentUrl\":\"https:\/\/asdieta.com\/wp-content\/uploads\/2019\/09\/jonnelle-yankovich-lBWOnjLl9h4-unsplash-110x110.jpg\",\"caption\":\"Ania\"},\"description\":\"Entuzjastka zdrowego trybu \u017cycia i skutecznego odchudzania :)\",\"url\":\"https:\/\/asdieta.com\/de\/author\/admin\/\"}]}<\/script>\n<!-- \/ Yoast SEO plugin. -->","yoast_head_json":{"title":"Wie kann man abnehmen? - Als Di\u00e4t","robots":{"index":"index","follow":"follow","max-snippet":"max-snippet:-1","max-image-preview":"max-image-preview:large","max-video-preview":"max-video-preview:-1"},"canonical":"https:\/\/asdieta.com\/de\/como-puedes-perder-peso\/","og_locale":"de_DE","og_type":"article","og_title":"Jak mo\u017cna si\u0119 odchudza\u0107? - As Dieta","og_description":"2023 Wiosna i lato to \u015bwietny czas na to, by si\u0119 zacz\u0105\u0107 odchudza\u0107. Dobrze jest jednak wiedzie\u0107, kiedy jak mo\u017cna si\u0119 odchudza\u0107? Dzi\u0119ki temu b\u0119dzie mo\u017cna bezpiecznie i komfortowo podej\u015b\u0107 do swojej diety. \u015awietnym wyborem s\u0105 r\u00f3\u017cnego rodzaju diety pude\u0142kowe, w kt\u00f3rych ustala si\u0119 konkretn\u0105 ilo\u015b\u0107 kalorii na ca\u0142y dzie\u0144. Dodatkowo tak\u017ce do takiej diety [&hellip;]","og_url":"https:\/\/asdieta.com\/de\/como-puedes-perder-peso\/","og_site_name":"As Dieta","article_published_time":"2023-02-13T17:38:53+00:00","article_modified_time":"2023-02-13T17:38:54+00:00","og_image":[{"width":500,"height":380,"url":"https:\/\/asdieta.com\/wp-content\/uploads\/2022\/07\/zdrowie-46.jpg","type":"image\/jpeg"}],"author":"Ania","twitter_card":"summary_large_image","twitter_misc":{"Verfasst von":"Ania","Gesch\u00e4tzte Lesezeit":"2\u00a0Minuten"},"schema":{"@context":"https:\/\/schema.org","@graph":[{"@type":"Article","@id":"https:\/\/asdieta.com\/es\/como-puedes-perder-peso\/#article","isPartOf":{"@id":"https:\/\/asdieta.com\/es\/como-puedes-perder-peso\/"},"author":{"name":"Ania","@id":"https:\/\/asdieta.com\/et\/#\/schema\/person\/9055320e1699dfc52e959a80e3b32edf"},"headline":"Jak mo\u017cna si\u0119 odchudza\u0107?","datePublished":"2023-02-13T17:38:53+00:00","dateModified":"2023-02-13T17:38:54+00:00","mainEntityOfPage":{"@id":"https:\/\/asdieta.com\/es\/como-puedes-perder-peso\/"},"wordCount":346,"commentCount":0,"publisher":{"@id":"https:\/\/asdieta.com\/et\/#organization"},"image":{"@id":"https:\/\/asdieta.com\/es\/como-puedes-perder-peso\/#primaryimage"},"thumbnailUrl":"https:\/\/asdieta.com\/wp-content\/uploads\/2022\/07\/zdrowie-46.jpg","articleSection":["Dieta"],"inLanguage":"de","potentialAction":[{"@type":"CommentAction","name":"Comment","target":["https:\/\/asdieta.com\/es\/como-puedes-perder-peso\/#respond"]}]},{"@type":"WebPage","@id":"https:\/\/asdieta.com\/es\/como-puedes-perder-peso\/","url":"https:\/\/asdieta.com\/es\/como-puedes-perder-peso\/","name":"Wie kann man abnehmen? - Als Di\u00e4t","isPartOf":{"@id":"https:\/\/asdieta.com\/et\/#website"},"primaryImageOfPage":{"@id":"https:\/\/asdieta.com\/es\/como-puedes-perder-peso\/#primaryimage"},"image":{"@id":"https:\/\/asdieta.com\/es\/como-puedes-perder-peso\/#primaryimage"},"thumbnailUrl":"https:\/\/asdieta.com\/wp-content\/uploads\/2022\/07\/zdrowie-46.jpg","datePublished":"2023-02-13T17:38:53+00:00","dateModified":"2023-02-13T17:38:54+00:00","breadcrumb":{"@id":"https:\/\/asdieta.com\/es\/como-puedes-perder-peso\/#breadcrumb"},"inLanguage":"de","potentialAction":[{"@type":"ReadAction","target":["https:\/\/asdieta.com\/es\/como-puedes-perder-peso\/"]}]},{"@type":"ImageObject","inLanguage":"de","@id":"https:\/\/asdieta.com\/es\/como-puedes-perder-peso\/#primaryimage","url":"https:\/\/asdieta.com\/wp-content\/uploads\/2022\/07\/zdrowie-46.jpg","contentUrl":"https:\/\/asdieta.com\/wp-content\/uploads\/2022\/07\/zdrowie-46.jpg","width":500,"height":380},{"@type":"BreadcrumbList","@id":"https:\/\/asdieta.com\/es\/como-puedes-perder-peso\/#breadcrumb","itemListElement":[{"@type":"ListItem","position":1,"name":"Strona g\u0142\u00f3wna","item":"https:\/\/asdieta.com\/et\/"},{"@type":"ListItem","position":2,"name":"Jak mo\u017cna si\u0119 odchudza\u0107?"}]},{"@type":"WebSite","@id":"https:\/\/asdieta.com\/et\/#website","url":"https:\/\/asdieta.com\/et\/","name":"Als Di\u00e4t","description":"Ein Blog \u00fcber gesundes Leben.","publisher":{"@id":"https:\/\/asdieta.com\/et\/#organization"},"potentialAction":[{"@type":"SearchAction","target":{"@type":"EntryPoint","urlTemplate":"https:\/\/asdieta.com\/et\/?s={search_term_string}"},"query-input":{"@type":"PropertyValueSpecification","valueRequired":true,"valueName":"search_term_string"}}],"inLanguage":"de"},{"@type":"Organization","@id":"https:\/\/asdieta.com\/et\/#organization","name":"Als Di\u00e4t","url":"https:\/\/asdieta.com\/et\/","logo":{"@type":"ImageObject","inLanguage":"de","@id":"https:\/\/asdieta.com\/et\/#\/schema\/logo\/image\/","url":"https:\/\/asdieta.com\/wp-content\/uploads\/2021\/11\/cropped-cover-1.png","contentUrl":"https:\/\/asdieta.com\/wp-content\/uploads\/2021\/11\/cropped-cover-1.png","width":3500,"height":1167,"caption":"As Dieta"},"image":{"@id":"https:\/\/asdieta.com\/et\/#\/schema\/logo\/image\/"}},{"@type":"Person","@id":"https:\/\/asdieta.com\/et\/#\/schema\/person\/9055320e1699dfc52e959a80e3b32edf","name":"Ania","image":{"@type":"ImageObject","inLanguage":"de","@id":"https:\/\/asdieta.com\/wp-content\/uploads\/2019\/09\/jonnelle-yankovich-lBWOnjLl9h4-unsplash-110x110.jpg","url":"https:\/\/asdieta.com\/wp-content\/uploads\/2019\/09\/jonnelle-yankovich-lBWOnjLl9h4-unsplash-110x110.jpg","contentUrl":"https:\/\/asdieta.com\/wp-content\/uploads\/2019\/09\/jonnelle-yankovich-lBWOnjLl9h4-unsplash-110x110.jpg","caption":"Ania"},"description":"Enthusiastin der gesunden Lebensweise und der effektiven Gewichtsabnahme :)","url":"https:\/\/asdieta.com\/de\/author\/admin\/"}]}},"multi-rating":{"mr_rating_results":[{"adjusted_star_result":5,"star_result":5,"total_max_option_value":5,"adjusted_score_result":5,"score_result":5,"percentage_result":100,"adjusted_percentage_result":100,"count":1,"post_id":4322}]},"_links":{"self":[{"href":"https:\/\/asdieta.com\/de\/wp-json\/wp\/v2\/posts\/4322","targetHints":{"allow":["GET"]}}],"collection":[{"href":"https:\/\/asdieta.com\/de\/wp-json\/wp\/v2\/posts"}],"about":[{"href":"https:\/\/asdieta.com\/de\/wp-json\/wp\/v2\/types\/post"}],"author":[{"embeddable":true,"href":"https:\/\/asdieta.com\/de\/wp-json\/wp\/v2\/users\/1"}],"replies":[{"embeddable":true,"href":"https:\/\/asdieta.com\/de\/wp-json\/wp\/v2\/comments?post=4322"}],"version-history":[{"count":2,"href":"https:\/\/asdieta.com\/de\/wp-json\/wp\/v2\/posts\/4322\/revisions"}],"predecessor-version":[{"id":4462,"href":"https:\/\/asdieta.com\/de\/wp-json\/wp\/v2\/posts\/4322\/revisions\/4462"}],"wp:featuredmedia":[{"embeddable":true,"href":"https:\/\/asdieta.com\/de\/wp-json\/wp\/v2\/media\/4323"}],"wp:attachment":[{"href":"https:\/\/asdieta.com\/de\/wp-json\/wp\/v2\/media?parent=4322"}],"wp:term":[{"taxonomy":"category","embeddable":true,"href":"https:\/\/asdieta.com\/de\/wp-json\/wp\/v2\/categories?post=4322"},{"taxonomy":"post_tag","embeddable":true,"href":"https:\/\/asdieta.com\/de\/wp-json\/wp\/v2\/tags?post=4322"}],"curies":[{"name":"wp","href":"https:\/\/api.w.org\/{rel}","templated":true}]}}